{"id":17385,"date":"2026-02-02T14:20:56","date_gmt":"2026-02-02T14:20:56","guid":{"rendered":"https:\/\/omplim.cat\/?p=17385"},"modified":"2026-02-03T08:56:54","modified_gmt":"2026-02-03T08:56:54","slug":"la-cov-entrega-las-llaves-del-prat-011","status":"publish","type":"post","link":"https:\/\/omplim.cat\/es\/la-cov-entrega-las-llaves-del-prat-011\/","title":{"rendered":"La COV entrega las llaves del Prat 011"},"content":{"rendered":"<p>Este s\u00e1bado, el proyecto de 101 viviendas de alquiler asequible, estable, cooperativo y sostenible de la <span style=\"color: #3f5f9d;\"><a style=\"color: #3f5f9d;\" href=\"https:\/\/cov.coop\/\" target=\"_blank\" rel=\"nofollow noreferrer noopener\"><strong>Cooperativa Obrera de Viviendas del Prat (COV)<\/strong><\/a><\/span> ha alcanzado un nuevo hito: la entrega de llaves a 89 familias. <span style=\"color: #3f5f9d;\"><a style=\"color: #3f5f9d;\" href=\"https:\/\/omplim.cat\/promocions\/el-prat-011\/\" target=\"_blank\" rel=\"nofollow noreferrer noopener\"><strong>El Prat 011<\/strong><\/a><\/span> se consolida as\u00ed como una promoci\u00f3n plenamente operativa, con 89 unidades de convivencia ya incorporadas y a punto de completar la ocupaci\u00f3n con las 12 viviendas restantes, que ser\u00e1n gestionadas por Prat Espais y destinadas a colectivos en riesgo de exclusi\u00f3n social.<\/p>\n<p><!-- V\u00eddeo RTVE --><\/p>\n<div style=\"margin: 32px 0;\">\n<div style=\"width: 100%; padding-top: 64%; position: relative; border-bottom: 1px solid #aaa; display: inline-block; background: rgba(255,255,255,0.9);\">\n<p><iframe style=\"width: 100%; height: 90%; position: absolute; left: 0; top: 0; overflow: hidden; border: none; background-color: transparent;\" src=\"https:\/\/secure-embed.rtve.es\/drmn\/embed\/video\/16918392\" name=\"El Prat inaugura 101 pisos d'habitatge cooperatiu de lloguer assequible\" scrolling=\"no\" allowfullscreen=\"allowfullscreen\"><\/iframe><\/p>\n<div style=\"position: absolute; bottom: 0; left: 0; font-family: arial,helvetica,sans-serif; font-size: 12px; line-height: 1.833; display: inline-block; padding: 5px 0 5px 10px;\"><span style=\"float: left; margin-right: 10px;\"><br \/>\n<img decoding=\"async\" style=\"height: 20px; width: auto; background: transparent; padding: 0; margin: 0;\" src=\"https:\/\/img2.rtve.es\/css\/rtve.commons\/rtve.header.footer\/i\/logoRTVEes.png\" \/><br \/>\n<\/span><br \/>\n<a style=\"color: #333; font-weight: bold;\" title=\"El Prat inaugura 101 pisos d'habitatge cooperatiu de lloguer assequible\" href=\"https:\/\/www.rtve.es\/play\/videos\/linformatiu\/prat-inaugura-101-pisos-dhabitatge-cooperatiu-lloguer-assequible\/16918392\/\"><br \/>\n<strong>El Prat inaugura 101 pisos de vivienda cooperativa de alquiler asequible<\/strong><br \/>\n<\/a><\/div>\n<\/div>\n<\/div>\n<p>&nbsp;<\/p>\n<div>Desde Omplim hemos llevado a cabo la <strong>gesti\u00f3n integral del proyecto<\/strong>, acompa\u00f1ando a la cooperativa a lo largo de todo el proceso de planificaci\u00f3n t\u00e9cnica, econ\u00f3mica y de edificaci\u00f3n. Desde la planificaci\u00f3n inicial hasta el seguimiento semanal de la obra, hemos trabajado para garantizar la viabilidad del modelo, la calidad constructiva y realizando propuestas desde una mirada hol\u00edstica de la sostenibilidad.<\/div>\n<div><\/div>\n<div><span style=\"color: #bab3ab;\">.<\/span><\/div>\n<h2>Un modelo de vivienda asequible, estable y cooperativa<\/h2>\n<div>El proyecto, impulsado por la COV, responde a un objetivo claro: <strong>facilitar el acceso a una vivienda digna y estable a largo plazo<\/strong>, promoviendo al mismo tiempo un modelo de convivencia cooperativo y arraigado al territorio.<\/div>\n<div>Las 89 viviendas entregadas se han adjudicado a personas inscritas en el Registro de Solicitantes de Vivienda de Protecci\u00f3n Oficial, reservando 12 (hasta llegar a las 101) para colectivos prioritarios. Este enfoque permite reforzar la <strong>diversidad social y la cohesi\u00f3n comunitaria<\/strong> desde el primer d\u00eda.<\/div>\n<div><span style=\"color: #bab3ab;\">.<\/span><\/div>\n<h3>\u00bfC\u00f3mo es la promoci\u00f3n?<\/h3>\n<div>La promoci\u00f3n se ha construido en una parcela cedida por el Ayuntamiento del Prat de cerca de 3.300 m\u00b2 y se han levantado casi 10.000 m\u00b2 edificados, distribuidos en <strong>tres edificios de cuatro plantas y 101 hogares<\/strong>.<\/div>\n<div>Estas 101 viviendas cuentan con 1, 2 o 3 dormitorios de dimensiones amplias, predominantemente dobles. Se ha trabajado para minimizar los pasillos y maximizar el espacio \u00fatil, dando lugar a cocinas amplias y abiertas, con una conexi\u00f3n fluida con las \u00e1reas de estar y comedor. Adem\u00e1s de priorizar la ventilaci\u00f3n cruzada y una \u00f3ptima exposici\u00f3n al sol en todas las viviendas, se han definido terrazas con superficies generosas que sirven de extensi\u00f3n de los espacios interiores hacia el exterior. Asimismo, se han creado zonas comunitarias formadas por terrazas compartidas, pasarelas y patios, que fomentan una comunidad vecinal cohesionada y ayudan a generar un d\u00eda a d\u00eda m\u00e1s colectivo para las personas que, ahora s\u00ed, ya viven all\u00ed.<\/div>\n<div><span style=\"color: #bab3ab;\">.<\/span><\/div>\n<h3>Una nueva etapa<\/h3>\n<div>Nos hace mucha ilusi\u00f3n haber acompa\u00f1ado a la COV en este camino y ver c\u00f3mo el proyecto cobra vida con la llegada de la comunidad vecinal. Seguimos trabajando para que modelos de vivienda cooperativa, asequible y sostenible como este sean cada vez m\u00e1s habituales en nuestro territorio.<\/div>\n<p>&nbsp;<\/p>\n<p>&nbsp;<\/p>\n","protected":false},"excerpt":{"rendered":"<p>Este s\u00e1bado, el proyecto de 101 viviendas de alquiler asequible, estable, cooperativo y sostenible de la Cooperativa Obrera de Viviendas del Prat (COV) ha alcanzado un nuevo hito: la entrega de llaves a 89 familias. El Prat 011 se consolida as\u00ed como una promoci\u00f3n plenamente operativa, con 89 unidades de convivencia ya incorporadas y a [&hellip;]<\/p>\n","protected":false},"author":1,"featured_media":17382,"comment_status":"open","ping_status":"open","sticky":false,"template":"","format":"standard","meta":{"_acf_changed":false,"content-type":"","_mo_disable_npp":"","footnotes":""},"categories":[58,68,63,57,64,4,65],"tags":[],"class_list":["post-17385","post","type-post","status-publish","format-standard","has-post-thumbnail","hentry","category-asequibilidad","category-bienestar","category-cadena-de-valor-justa","category-impacto-comunitario","category-inclusion","category-sin-categorizar","category-sostenibilidad-ambiental"],"acf":[],"aioseo_notices":[],"aioseo_head":"\n\t\t<!-- All in One SEO 5.0.1.1 - aioseo.com -->\n\t<meta name=\"description\" content=\"El proyecto de 101 viviendas de alquiler cooperativo de la Cooperativa Obrera de Viviendas del Prat alcanza un nuevo hito: la entrega de llaves a 89 familias.\" \/>\n\t<meta name=\"robots\" content=\"max-image-preview:large\" \/>\n\t<meta name=\"author\" content=\"admin\"\/>\n\t<link rel=\"canonical\" href=\"https:\/\/omplim.cat\/es\/la-cov-entrega-las-llaves-del-prat-011\/\" \/>\n\t<meta name=\"generator\" content=\"All in One SEO (AIOSEO) 5.0.1.1\" \/>\n\t\t<meta property=\"og:locale\" content=\"es_ES\" \/>\n\t\t<meta property=\"og:site_name\" content=\"Omplim | Gesti\u00f3 i edificaci\u00f3 responsable\" \/>\n\t\t<meta property=\"og:type\" content=\"article\" \/>\n\t\t<meta property=\"og:title\" content=\"La COV entrega las llaves del Prat 011 | Omplim\" \/>\n\t\t<meta property=\"og:description\" content=\"El proyecto de 101 viviendas de alquiler cooperativo de la Cooperativa Obrera de Viviendas del Prat alcanza un nuevo hito: la entrega de llaves a 89 familias.\" \/>\n\t\t<meta property=\"og:url\" content=\"https:\/\/omplim.cat\/es\/la-cov-entrega-las-llaves-del-prat-011\/\" \/>\n\t\t<meta property=\"og:image\" content=\"https:\/\/omplim.cat\/wp-content\/uploads\/2022\/11\/cropped-Logo-Omplim-negre-1.png\" \/>\n\t\t<meta property=\"og:image:secure_url\" content=\"https:\/\/omplim.cat\/wp-content\/uploads\/2022\/11\/cropped-Logo-Omplim-negre-1.png\" \/>\n\t\t<meta property=\"og:image:width\" content=\"276\" \/>\n\t\t<meta property=\"og:image:height\" content=\"78\" \/>\n\t\t<meta property=\"article:published_time\" content=\"2026-02-02T14:20:56+00:00\" \/>\n\t\t<meta property=\"article:modified_time\" content=\"2026-02-03T08:56:54+00:00\" \/>\n\t\t<meta name=\"twitter:card\" content=\"summary_large_image\" \/>\n\t\t<meta name=\"twitter:title\" content=\"La COV entrega las llaves del Prat 011 | Omplim\" \/>\n\t\t<meta name=\"twitter:description\" content=\"El proyecto de 101 viviendas de alquiler cooperativo de la Cooperativa Obrera de Viviendas del Prat alcanza un nuevo hito: la entrega de llaves a 89 familias.\" \/>\n\t\t<meta name=\"twitter:image\" content=\"https:\/\/omplim.cat\/wp-content\/uploads\/2022\/11\/cropped-Logo-Omplim-negre-1.png\" \/>\n\t\t<script type=\"application\/ld+json\" class=\"aioseo-schema\">\n\t\t\t{\"@context\":\"https:\\\/\\\/schema.org\",\"@graph\":[{\"@type\":\"BlogPosting\",\"@id\":\"https:\\\/\\\/omplim.cat\\\/es\\\/la-cov-entrega-las-llaves-del-prat-011\\\/#blogposting\",\"name\":\"La COV entrega las llaves del Prat 011 | Omplim\",\"headline\":\"La COV entrega las llaves del Prat 011\",\"author\":{\"@id\":\"https:\\\/\\\/omplim.cat\\\/es\\\/author\\\/admin\\\/#author\"},\"publisher\":{\"@id\":\"https:\\\/\\\/omplim.cat\\\/es\\\/#organization\"},\"image\":{\"@type\":\"ImageObject\",\"url\":\"https:\\\/\\\/omplim.cat\\\/wp-content\\\/uploads\\\/2026\\\/02\\\/El-Prat-011-claus.png\",\"width\":1056,\"height\":596,\"caption\":\"habitatge cooperatiu\"},\"datePublished\":\"2026-02-02T14:20:56+00:00\",\"dateModified\":\"2026-02-03T08:56:54+00:00\",\"inLanguage\":\"es-ES\",\"mainEntityOfPage\":{\"@id\":\"https:\\\/\\\/omplim.cat\\\/es\\\/la-cov-entrega-las-llaves-del-prat-011\\\/#webpage\"},\"isPartOf\":{\"@id\":\"https:\\\/\\\/omplim.cat\\\/es\\\/la-cov-entrega-las-llaves-del-prat-011\\\/#webpage\"},\"articleSection\":\"Asequibilidad, Bienestar, Cadena de valor justa, Impacto comunitario, Inclusi\\u00f3n, Sin categorizar, Sostenibilidad ambiental\"},{\"@type\":\"BreadcrumbList\",\"@id\":\"https:\\\/\\\/omplim.cat\\\/es\\\/la-cov-entrega-las-llaves-del-prat-011\\\/#breadcrumblist\",\"itemListElement\":[{\"@type\":\"ListItem\",\"@id\":\"https:\\\/\\\/omplim.cat\\\/es\\\/#listItem\",\"position\":1,\"name\":\"Home\",\"item\":\"https:\\\/\\\/omplim.cat\\\/es\\\/\",\"nextItem\":{\"@type\":\"ListItem\",\"@id\":\"https:\\\/\\\/omplim.cat\\\/es\\\/categoria\\\/sin-categorizar\\\/#listItem\",\"name\":\"Sin categorizar\"}},{\"@type\":\"ListItem\",\"@id\":\"https:\\\/\\\/omplim.cat\\\/es\\\/categoria\\\/sin-categorizar\\\/#listItem\",\"position\":2,\"name\":\"Sin categorizar\",\"item\":\"https:\\\/\\\/omplim.cat\\\/es\\\/categoria\\\/sin-categorizar\\\/\",\"nextItem\":{\"@type\":\"ListItem\",\"@id\":\"https:\\\/\\\/omplim.cat\\\/es\\\/la-cov-entrega-las-llaves-del-prat-011\\\/#listItem\",\"name\":\"La COV entrega las llaves del Prat 011\"},\"previousItem\":{\"@type\":\"ListItem\",\"@id\":\"https:\\\/\\\/omplim.cat\\\/es\\\/#listItem\",\"name\":\"Home\"}},{\"@type\":\"ListItem\",\"@id\":\"https:\\\/\\\/omplim.cat\\\/es\\\/la-cov-entrega-las-llaves-del-prat-011\\\/#listItem\",\"position\":3,\"name\":\"La COV entrega las llaves del Prat 011\",\"previousItem\":{\"@type\":\"ListItem\",\"@id\":\"https:\\\/\\\/omplim.cat\\\/es\\\/categoria\\\/sin-categorizar\\\/#listItem\",\"name\":\"Sin categorizar\"}}]},{\"@type\":\"Organization\",\"@id\":\"https:\\\/\\\/omplim.cat\\\/es\\\/#organization\",\"name\":\"Omplim\",\"description\":\"Gesti\\u00f3 i edificaci\\u00f3 responsable\",\"url\":\"https:\\\/\\\/omplim.cat\\\/es\\\/\",\"logo\":{\"@type\":\"ImageObject\",\"url\":\"https:\\\/\\\/omplim.cat\\\/wp-content\\\/uploads\\\/2022\\\/11\\\/Logo-Omplim-negre.png\",\"@id\":\"https:\\\/\\\/omplim.cat\\\/es\\\/la-cov-entrega-las-llaves-del-prat-011\\\/#organizationLogo\",\"width\":276,\"height\":78},\"image\":{\"@id\":\"https:\\\/\\\/omplim.cat\\\/es\\\/la-cov-entrega-las-llaves-del-prat-011\\\/#organizationLogo\"}},{\"@type\":\"Person\",\"@id\":\"https:\\\/\\\/omplim.cat\\\/es\\\/author\\\/admin\\\/#author\",\"url\":\"https:\\\/\\\/omplim.cat\\\/es\\\/author\\\/admin\\\/\",\"name\":\"admin\"},{\"@type\":\"WebPage\",\"@id\":\"https:\\\/\\\/omplim.cat\\\/es\\\/la-cov-entrega-las-llaves-del-prat-011\\\/#webpage\",\"url\":\"https:\\\/\\\/omplim.cat\\\/es\\\/la-cov-entrega-las-llaves-del-prat-011\\\/\",\"name\":\"La COV entrega las llaves del Prat 011 | Omplim\",\"description\":\"El proyecto de 101 viviendas de alquiler cooperativo de la Cooperativa Obrera de Viviendas del Prat alcanza un nuevo hito: la entrega de llaves a 89 familias.\",\"inLanguage\":\"es-ES\",\"isPartOf\":{\"@id\":\"https:\\\/\\\/omplim.cat\\\/es\\\/#website\"},\"breadcrumb\":{\"@id\":\"https:\\\/\\\/omplim.cat\\\/es\\\/la-cov-entrega-las-llaves-del-prat-011\\\/#breadcrumblist\"},\"author\":{\"@id\":\"https:\\\/\\\/omplim.cat\\\/es\\\/author\\\/admin\\\/#author\"},\"creator\":{\"@id\":\"https:\\\/\\\/omplim.cat\\\/es\\\/author\\\/admin\\\/#author\"},\"image\":{\"@type\":\"ImageObject\",\"url\":\"https:\\\/\\\/omplim.cat\\\/wp-content\\\/uploads\\\/2026\\\/02\\\/El-Prat-011-claus.png\",\"@id\":\"https:\\\/\\\/omplim.cat\\\/es\\\/la-cov-entrega-las-llaves-del-prat-011\\\/#mainImage\",\"width\":1056,\"height\":596,\"caption\":\"habitatge cooperatiu\"},\"primaryImageOfPage\":{\"@id\":\"https:\\\/\\\/omplim.cat\\\/es\\\/la-cov-entrega-las-llaves-del-prat-011\\\/#mainImage\"},\"datePublished\":\"2026-02-02T14:20:56+00:00\",\"dateModified\":\"2026-02-03T08:56:54+00:00\"},{\"@type\":\"WebSite\",\"@id\":\"https:\\\/\\\/omplim.cat\\\/es\\\/#website\",\"url\":\"https:\\\/\\\/omplim.cat\\\/es\\\/\",\"name\":\"Omplim\",\"description\":\"Gesti\\u00f3 i edificaci\\u00f3 responsable\",\"inLanguage\":\"es-ES\",\"publisher\":{\"@id\":\"https:\\\/\\\/omplim.cat\\\/es\\\/#organization\"}}]}\n\t\t<\/script>\n\t\t<!-- All in One SEO -->\n\n","aioseo_head_json":{"title":"La COV entrega las llaves del Prat 011 | Omplim","description":"El proyecto de 101 viviendas de alquiler cooperativo de la Cooperativa Obrera de Viviendas del Prat alcanza un nuevo hito: la entrega de llaves a 89 familias.","canonical_url":"https:\/\/omplim.cat\/es\/la-cov-entrega-las-llaves-del-prat-011\/","robots":"max-image-preview:large","keywords":"","webmasterTools":{"miscellaneous":""},"schema":{"@context":"https:\/\/schema.org","@graph":[{"@type":"BlogPosting","@id":"https:\/\/omplim.cat\/es\/la-cov-entrega-las-llaves-del-prat-011\/#blogposting","name":"La COV entrega las llaves del Prat 011 | Omplim","headline":"La COV entrega las llaves del Prat 011","author":{"@id":"https:\/\/omplim.cat\/es\/author\/admin\/#author"},"publisher":{"@id":"https:\/\/omplim.cat\/es\/#organization"},"image":{"@type":"ImageObject","url":"https:\/\/omplim.cat\/wp-content\/uploads\/2026\/02\/El-Prat-011-claus.png","width":1056,"height":596,"caption":"habitatge cooperatiu"},"datePublished":"2026-02-02T14:20:56+00:00","dateModified":"2026-02-03T08:56:54+00:00","inLanguage":"es-ES","mainEntityOfPage":{"@id":"https:\/\/omplim.cat\/es\/la-cov-entrega-las-llaves-del-prat-011\/#webpage"},"isPartOf":{"@id":"https:\/\/omplim.cat\/es\/la-cov-entrega-las-llaves-del-prat-011\/#webpage"},"articleSection":"Asequibilidad, Bienestar, Cadena de valor justa, Impacto comunitario, Inclusi\u00f3n, Sin categorizar, Sostenibilidad ambiental"},{"@type":"BreadcrumbList","@id":"https:\/\/omplim.cat\/es\/la-cov-entrega-las-llaves-del-prat-011\/#breadcrumblist","itemListElement":[{"@type":"ListItem","@id":"https:\/\/omplim.cat\/es\/#listItem","position":1,"name":"Home","item":"https:\/\/omplim.cat\/es\/","nextItem":{"@type":"ListItem","@id":"https:\/\/omplim.cat\/es\/categoria\/sin-categorizar\/#listItem","name":"Sin categorizar"}},{"@type":"ListItem","@id":"https:\/\/omplim.cat\/es\/categoria\/sin-categorizar\/#listItem","position":2,"name":"Sin categorizar","item":"https:\/\/omplim.cat\/es\/categoria\/sin-categorizar\/","nextItem":{"@type":"ListItem","@id":"https:\/\/omplim.cat\/es\/la-cov-entrega-las-llaves-del-prat-011\/#listItem","name":"La COV entrega las llaves del Prat 011"},"previousItem":{"@type":"ListItem","@id":"https:\/\/omplim.cat\/es\/#listItem","name":"Home"}},{"@type":"ListItem","@id":"https:\/\/omplim.cat\/es\/la-cov-entrega-las-llaves-del-prat-011\/#listItem","position":3,"name":"La COV entrega las llaves del Prat 011","previousItem":{"@type":"ListItem","@id":"https:\/\/omplim.cat\/es\/categoria\/sin-categorizar\/#listItem","name":"Sin categorizar"}}]},{"@type":"Organization","@id":"https:\/\/omplim.cat\/es\/#organization","name":"Omplim","description":"Gesti\u00f3 i edificaci\u00f3 responsable","url":"https:\/\/omplim.cat\/es\/","logo":{"@type":"ImageObject","url":"https:\/\/omplim.cat\/wp-content\/uploads\/2022\/11\/Logo-Omplim-negre.png","@id":"https:\/\/omplim.cat\/es\/la-cov-entrega-las-llaves-del-prat-011\/#organizationLogo","width":276,"height":78},"image":{"@id":"https:\/\/omplim.cat\/es\/la-cov-entrega-las-llaves-del-prat-011\/#organizationLogo"}},{"@type":"Person","@id":"https:\/\/omplim.cat\/es\/author\/admin\/#author","url":"https:\/\/omplim.cat\/es\/author\/admin\/","name":"admin"},{"@type":"WebPage","@id":"https:\/\/omplim.cat\/es\/la-cov-entrega-las-llaves-del-prat-011\/#webpage","url":"https:\/\/omplim.cat\/es\/la-cov-entrega-las-llaves-del-prat-011\/","name":"La COV entrega las llaves del Prat 011 | Omplim","description":"El proyecto de 101 viviendas de alquiler cooperativo de la Cooperativa Obrera de Viviendas del Prat alcanza un nuevo hito: la entrega de llaves a 89 familias.","inLanguage":"es-ES","isPartOf":{"@id":"https:\/\/omplim.cat\/es\/#website"},"breadcrumb":{"@id":"https:\/\/omplim.cat\/es\/la-cov-entrega-las-llaves-del-prat-011\/#breadcrumblist"},"author":{"@id":"https:\/\/omplim.cat\/es\/author\/admin\/#author"},"creator":{"@id":"https:\/\/omplim.cat\/es\/author\/admin\/#author"},"image":{"@type":"ImageObject","url":"https:\/\/omplim.cat\/wp-content\/uploads\/2026\/02\/El-Prat-011-claus.png","@id":"https:\/\/omplim.cat\/es\/la-cov-entrega-las-llaves-del-prat-011\/#mainImage","width":1056,"height":596,"caption":"habitatge cooperatiu"},"primaryImageOfPage":{"@id":"https:\/\/omplim.cat\/es\/la-cov-entrega-las-llaves-del-prat-011\/#mainImage"},"datePublished":"2026-02-02T14:20:56+00:00","dateModified":"2026-02-03T08:56:54+00:00"},{"@type":"WebSite","@id":"https:\/\/omplim.cat\/es\/#website","url":"https:\/\/omplim.cat\/es\/","name":"Omplim","description":"Gesti\u00f3 i edificaci\u00f3 responsable","inLanguage":"es-ES","publisher":{"@id":"https:\/\/omplim.cat\/es\/#organization"}}]},"og:locale":"es_ES","og:site_name":"Omplim | Gesti\u00f3 i edificaci\u00f3 responsable","og:type":"article","og:title":"La COV entrega las llaves del Prat 011 | Omplim","og:description":"El proyecto de 101 viviendas de alquiler cooperativo de la Cooperativa Obrera de Viviendas del Prat alcanza un nuevo hito: la entrega de llaves a 89 familias.","og:url":"https:\/\/omplim.cat\/es\/la-cov-entrega-las-llaves-del-prat-011\/","og:image":"https:\/\/omplim.cat\/wp-content\/uploads\/2022\/11\/cropped-Logo-Omplim-negre-1.png","og:image:secure_url":"https:\/\/omplim.cat\/wp-content\/uploads\/2022\/11\/cropped-Logo-Omplim-negre-1.png","og:image:width":276,"og:image:height":78,"article:published_time":"2026-02-02T14:20:56+00:00","article:modified_time":"2026-02-03T08:56:54+00:00","twitter:card":"summary_large_image","twitter:title":"La COV entrega las llaves del Prat 011 | Omplim","twitter:description":"El proyecto de 101 viviendas de alquiler cooperativo de la Cooperativa Obrera de Viviendas del Prat alcanza un nuevo hito: la entrega de llaves a 89 familias.","twitter:image":"https:\/\/omplim.cat\/wp-content\/uploads\/2022\/11\/cropped-Logo-Omplim-negre-1.png"},"aioseo_meta_data":{"post_id":"17385","title":null,"description":"El proyecto de 101 viviendas de alquiler cooperativo de la Cooperativa Obrera de Viviendas del Prat alcanza un nuevo hito: la entrega de llaves a 89 familias.","keywords":null,"keyphrases":{"focus":{"keyphrase":"","score":0,"analysis":{"keyphraseInTitle":{"score":0,"maxScore":9,"error":1}}},"additional":[]},"primary_term":null,"canonical_url":null,"og_title":null,"og_description":null,"og_object_type":"default","og_image_type":"default","og_image_url":null,"og_image_width":null,"og_image_height":null,"og_image_custom_url":null,"og_image_custom_fields":null,"og_video":"","og_custom_url":null,"og_article_section":null,"og_article_tags":null,"twitter_use_og":false,"twitter_card":"default","twitter_image_type":"default","twitter_image_url":null,"twitter_image_custom_url":null,"twitter_image_custom_fields":null,"twitter_title":null,"twitter_description":null,"schema":{"blockGraphs":[],"customGraphs":[],"default":{"data":{"Article":[],"Course":[],"Dataset":[],"FAQPage":[],"Movie":[],"Person":[],"Product":[],"ProductReview":[],"Car":[],"Recipe":[],"Service":[],"SoftwareApplication":[],"WebPage":[]},"graphName":"BlogPosting","isEnabled":true},"graphs":[]},"schema_type":"default","schema_type_options":null,"pillar_content":false,"robots_default":true,"robots_noindex":false,"robots_noarchive":false,"robots_nosnippet":false,"robots_nofollow":false,"robots_noimageindex":false,"robots_noodp":false,"robots_notranslate":false,"robots_max_snippet":"-1","robots_max_videopreview":"-1","robots_max_imagepreview":"large","priority":null,"frequency":"default","local_seo":null,"breadcrumb_settings":null,"limit_modified_date":false,"ai":{"faqs":[],"keyPoints":[],"titles":[],"descriptions":[],"socialPosts":{"email":[],"linkedin":[],"twitter":[],"facebook":[],"instagram":[]}},"created":"2026-02-02 14:37:51","updated":"2026-02-03 09:01:13","seo_analyzer_scan_date":null,"focus_keyword":null,"additional_keywords":null,"truseo_locale":null},"aioseo_breadcrumb":"<div class=\"aioseo-breadcrumbs\"><span class=\"aioseo-breadcrumb\">\n\t\t\t<a href=\"https:\/\/omplim.cat\/es\/\" title=\"Home\">Home<\/a>\n\t\t<\/span><span class=\"aioseo-breadcrumb-separator\">&raquo;<\/span><span class=\"aioseo-breadcrumb\">\n\t\t\t<a href=\"https:\/\/omplim.cat\/es\/categoria\/sin-categorizar\/\" title=\"Sin categorizar\">Sin categorizar<\/a>\n\t\t<\/span><span class=\"aioseo-breadcrumb-separator\">&raquo;<\/span><span class=\"aioseo-breadcrumb\">\n\t\t\tLa COV entrega las llaves del Prat 011\n\t\t<\/span><\/div>","aioseo_breadcrumb_json":[{"label":"Home","link":"https:\/\/omplim.cat\/es\/"},{"label":"Sin categorizar","link":"https:\/\/omplim.cat\/es\/categoria\/sin-categorizar\/"},{"label":"La COV entrega las llaves del Prat 011","link":"https:\/\/omplim.cat\/es\/la-cov-entrega-las-llaves-del-prat-011\/"}],"_links":{"self":[{"href":"https:\/\/omplim.cat\/es\/wp-json\/wp\/v2\/posts\/17385","targetHints":{"allow":["GET"]}}],"collection":[{"href":"https:\/\/omplim.cat\/es\/wp-json\/wp\/v2\/posts"}],"about":[{"href":"https:\/\/omplim.cat\/es\/wp-json\/wp\/v2\/types\/post"}],"author":[{"embeddable":true,"href":"https:\/\/omplim.cat\/es\/wp-json\/wp\/v2\/users\/1"}],"replies":[{"embeddable":true,"href":"https:\/\/omplim.cat\/es\/wp-json\/wp\/v2\/comments?post=17385"}],"version-history":[{"count":2,"href":"https:\/\/omplim.cat\/es\/wp-json\/wp\/v2\/posts\/17385\/revisions"}],"predecessor-version":[{"id":17389,"href":"https:\/\/omplim.cat\/es\/wp-json\/wp\/v2\/posts\/17385\/revisions\/17389"}],"wp:featuredmedia":[{"embeddable":true,"href":"https:\/\/omplim.cat\/es\/wp-json\/wp\/v2\/media\/17382"}],"wp:attachment":[{"href":"https:\/\/omplim.cat\/es\/wp-json\/wp\/v2\/media?parent=17385"}],"wp:term":[{"taxonomy":"category","embeddable":true,"href":"https:\/\/omplim.cat\/es\/wp-json\/wp\/v2\/categories?post=17385"},{"taxonomy":"post_tag","embeddable":true,"href":"https:\/\/omplim.cat\/es\/wp-json\/wp\/v2\/tags?post=17385"}],"curies":[{"name":"wp","href":"https:\/\/api.w.org\/{rel}","templated":true}]}}