{"id":17297,"date":"2025-11-19T10:32:28","date_gmt":"2025-11-19T10:32:28","guid":{"rendered":"https:\/\/omplim.cat\/?p=17297"},"modified":"2025-11-21T10:30:18","modified_gmt":"2025-11-21T10:30:18","slug":"mejora-de-calidad-del-aire","status":"publish","type":"post","link":"https:\/\/omplim.cat\/es\/mejora-de-calidad-del-aire\/","title":{"rendered":"Mejora de calidad del aire"},"content":{"rendered":"<h1 data-start=\"42\" data-end=\"443\">\u00bfPor qu\u00e9 es esencial cuidar la calidad del aire interior en los edificios?<\/h1>\n<p data-start=\"42\" data-end=\"443\">Nuestra salud est\u00e1 condicionada por una gran variedad de factores. Algunos de ellos escapan completamente a nuestro control \u2014como la gen\u00e9tica o el contexto socioecon\u00f3mico en el que hemos crecido\u2014, mientras que otros s\u00ed dependen de nuestras decisiones y del entorno que habitamos. En este sentido, los espacios interiores en los que pasamos la mayor parte de nuestro tiempo tienen un papel fundamental.<\/p>\n<p data-start=\"445\" data-end=\"766\">Seg\u00fan diversos estudios, pasamos cerca del <strong>90% de nuestro tiempo en espacios cerrados<\/strong>: en casa, en el trabajo, en el gimnasio o incluso en espacios de ocio como el cine o el supermercado. Esta realidad nos obliga a mirar hacia dentro y reflexionar sobre c\u00f3mo los edificios afectan a nuestra salud f\u00edsica, mental y social.<\/p>\n<p data-start=\"768\" data-end=\"1108\">A lo largo de las \u00faltimas d\u00e9cadas, la investigaci\u00f3n ha demostrado que el dise\u00f1o y la calidad de los espacios construidos influyen directamente en nuestro bienestar. La <strong>iluminaci\u00f3n natural<\/strong>, la <strong>ventilaci\u00f3n<\/strong>, los <strong>materiales<\/strong> utilizados e incluso el <strong>ruido ambiental<\/strong> tienen un impacto directo en c\u00f3mo nos sentimos y en c\u00f3mo vivimos estos espacios.<\/p>\n<h3 data-start=\"1110\" data-end=\"1178\">Selecci\u00f3n de materiales: clave para espacios libres de t\u00f3xicos<\/h3>\n<p data-start=\"1179\" data-end=\"1806\">Pese a los avances en eficiencia energ\u00e9tica y sostenibilidad de los edificios, todav\u00eda hay un aspecto a menudo olvidado: <strong>la calidad del aire interior<\/strong>. Seg\u00fan la Agencia de Protecci\u00f3n Ambiental de los Estados Unidos (EPA), el aire de los espacios interiores puede estar entre dos y cinco veces m\u00e1s contaminado que el del exterior. Si combinamos nuevas soluciones constructivas m\u00e1s herm\u00e9ticas (para reducir p\u00e9rdidas t\u00e9rmicas y mejorar la eficiencia energ\u00e9tica) con el uso de materiales que liberan compuestos qu\u00edmicos nocivos, nos encontramos con una mayor presencia de <strong>t\u00f3xicos invisibles<\/strong> en nuestros hogares y lugares de trabajo.<\/p>\n<p data-start=\"1808\" data-end=\"2499\">Los principales contaminantes provienen de <strong>pinturas, adhesivos, barnices, muebles, revestimientos y aislamientos, entre otros<\/strong>. Estos materiales pueden emitir <strong>compuestos org\u00e1nicos vol\u00e1tiles (COV)<\/strong>, como los <strong>formaldeh\u00eddos<\/strong>, que a largo plazo afectan la salud respiratoria y el bienestar general. Tambi\u00e9n pueden incluir otros componentes que impactan negativamente en la salud, como los Compuestos Org\u00e1nicos Persistentes (COP), fibras, part\u00edculas en suspensi\u00f3n o gases como el rad\u00f3n. Ante ello, <strong>mejorar la calidad del aire y la salud de los espacios se convierte en un objetivo prioritario<\/strong>, no solo para garantizar el confort, sino tambi\u00e9n para prevenir enfermedades y mejorar la calidad de vida.<\/p>\n<h3 data-start=\"2501\" data-end=\"2571\">La calidad del aire interior en nuestro \u00cdndice de Sostenibilidad<\/h3>\n<p data-start=\"2572\" data-end=\"2984\">El proceso de <strong>descarbonizaci\u00f3n del sector de la construcci\u00f3n<\/strong> representa una oportunidad para mejorar la calidad del aire interior, ya que implica repensar los materiales y los sistemas constructivos. Iniciativas europeas como <strong>Level(s)<\/strong> y la <strong>Taxonom\u00eda Europea<\/strong> est\u00e1n estableciendo un lenguaje com\u00fan para evaluar la sostenibilidad de los edificios, incluyendo indicadores espec\u00edficos sobre salud y calidad ambiental.<\/p>\n<p data-start=\"2986\" data-end=\"3320\">En Omplim, trabajamos para incorporar esta mirada en todos nuestros proyectos a trav\u00e9s de nuestro \u00cdndice de Sostenibilidad, que incluye un apartado espec\u00edfico dedicado a la <strong>calidad del aire interior<\/strong> (B.3). En este punto, aplicamos los principios de <span style=\"color: #3f5f9d;\"><strong><a style=\"color: #3f5f9d;\" href=\"https:\/\/omplim.cat\/levels-edificacio-sostenible-a-europa\/\">Level(s)<\/a><\/strong><\/span> y de la <a href=\"https:\/\/spain.representation.ec.europa.eu\/noticias-eventos\/noticias-0\/la-taxonomia-verde-europea-que-es-y-por-que-es-importante-2022-01-25_es\"><strong><span style=\"color: #3f5f9d;\">Taxonom\u00eda Europea<\/span><\/strong><\/a>, y los complementamos con criterios propios, como:<\/p>\n<ul data-start=\"3322\" data-end=\"3735\">\n<li data-start=\"3322\" data-end=\"3426\">\n<p data-start=\"3324\" data-end=\"3426\"><strong>Prescribir materiales con emisiones limitadas de formaldeh\u00eddos y COV<\/strong>, seg\u00fan los est\u00e1ndares europeos.<\/p>\n<\/li>\n<li data-start=\"3427\" data-end=\"3585\">\n<p data-start=\"3429\" data-end=\"3585\"><strong>Incorporar sistemas de control activo de la ventilaci\u00f3n<\/strong>, con sensores de CO\u2082, part\u00edculas o compuestos que ajustan el caudal de aire seg\u00fan las necesidades.<\/p>\n<\/li>\n<li data-start=\"3586\" data-end=\"3735\">\n<p data-start=\"3588\" data-end=\"3735\"><strong>Definir sistemas de ventilaci\u00f3n eficientes<\/strong> y potenciar el uso de filtros para reducir la presencia de contaminantes (part\u00edculas finas y gruesas).<\/p>\n<\/li>\n<\/ul>\n<p data-start=\"3737\" data-end=\"4100\">Para nosotros, tener en cuenta la calidad del aire interior es esencial en todos los proyectos que acompa\u00f1amos, ya sean e<strong>spacios educativos, viviendas, locales comerciales o cualquier otro tipo de instalaci\u00f3n<\/strong>. Entendemos que el bienestar de las personas que viven, trabajan o pasan tiempo en estos espacios depende, en gran medida, de sus condiciones ambientales.<\/p>\n<p data-start=\"4102\" data-end=\"4366\">Por eso, desde el principio decidimos i<strong>ncorporar este criterio en nuestro \u00cdndice de Sostenibilidad<\/strong>, como un elemento clave para garantizar que cada proyecto responda no solo a los <strong>objetivos ambientales<\/strong>, sino tambi\u00e9n a la <strong>salud<\/strong> y la <strong>calidad de vida<\/strong> de las personas.<\/p>\n<p>&nbsp;<\/p>\n","protected":false},"excerpt":{"rendered":"<p>\u00bfPor qu\u00e9 es esencial cuidar la calidad del aire interior en los edificios? Nuestra salud est\u00e1 condicionada por una gran variedad de factores. Algunos de ellos escapan completamente a nuestro control \u2014como la gen\u00e9tica o el contexto socioecon\u00f3mico en el que hemos crecido\u2014, mientras que otros s\u00ed dependen de nuestras decisiones y del entorno que [&hellip;]<\/p>\n","protected":false},"author":1,"featured_media":17294,"comment_status":"open","ping_status":"open","sticky":false,"template":"","format":"standard","meta":{"_acf_changed":false,"content-type":"","_mo_disable_npp":"","footnotes":""},"categories":[68,133],"tags":[172,171,150,170],"class_list":["post-17297","post","type-post","status-publish","format-standard","has-post-thumbnail","hentry","category-bienestar","category-gestion-sostenibilidad","tag-calidad-de-vida","tag-calidad-del-aire","tag-construccion-sostenible","tag-materiales-saludables"],"acf":[],"aioseo_notices":[],"aioseo_head":"\n\t\t<!-- All in One SEO 5.0.1.1 - aioseo.com -->\n\t<meta name=\"description\" content=\"Nuestra salud est\u00e1 condicionada por gran variedad de factores, y los espacios interiores donde pasamos la mayor parte de nuestro d\u00eda son claves.\" \/>\n\t<meta name=\"robots\" content=\"max-image-preview:large\" \/>\n\t<meta name=\"author\" content=\"admin\"\/>\n\t<link rel=\"canonical\" href=\"https:\/\/omplim.cat\/es\/mejora-de-calidad-del-aire\/\" \/>\n\t<meta name=\"generator\" content=\"All in One SEO (AIOSEO) 5.0.1.1\" \/>\n\t\t<meta property=\"og:locale\" content=\"es_ES\" \/>\n\t\t<meta property=\"og:site_name\" content=\"Omplim | Gesti\u00f3 i edificaci\u00f3 responsable\" \/>\n\t\t<meta property=\"og:type\" content=\"article\" \/>\n\t\t<meta property=\"og:title\" content=\"Mejora de calidad del aire | Omplim\" \/>\n\t\t<meta property=\"og:description\" content=\"Nuestra salud est\u00e1 condicionada por gran variedad de factores, y los espacios interiores donde pasamos la mayor parte de nuestro d\u00eda son claves.\" \/>\n\t\t<meta property=\"og:url\" content=\"https:\/\/omplim.cat\/es\/mejora-de-calidad-del-aire\/\" \/>\n\t\t<meta property=\"og:image\" content=\"https:\/\/omplim.cat\/wp-content\/uploads\/2022\/11\/cropped-Logo-Omplim-negre-1.png\" \/>\n\t\t<meta property=\"og:image:secure_url\" content=\"https:\/\/omplim.cat\/wp-content\/uploads\/2022\/11\/cropped-Logo-Omplim-negre-1.png\" \/>\n\t\t<meta property=\"og:image:width\" content=\"276\" \/>\n\t\t<meta property=\"og:image:height\" content=\"78\" \/>\n\t\t<meta property=\"article:published_time\" content=\"2025-11-19T10:32:28+00:00\" \/>\n\t\t<meta property=\"article:modified_time\" content=\"2025-11-21T10:30:18+00:00\" \/>\n\t\t<meta name=\"twitter:card\" content=\"summary_large_image\" \/>\n\t\t<meta name=\"twitter:title\" content=\"Mejora de calidad del aire | Omplim\" \/>\n\t\t<meta name=\"twitter:description\" content=\"Nuestra salud est\u00e1 condicionada por gran variedad de factores, y los espacios interiores donde pasamos la mayor parte de nuestro d\u00eda son claves.\" \/>\n\t\t<meta name=\"twitter:image\" content=\"https:\/\/omplim.cat\/wp-content\/uploads\/2022\/11\/cropped-Logo-Omplim-negre-1.png\" \/>\n\t\t<script type=\"application\/ld+json\" class=\"aioseo-schema\">\n\t\t\t{\"@context\":\"https:\\\/\\\/schema.org\",\"@graph\":[{\"@type\":\"BlogPosting\",\"@id\":\"https:\\\/\\\/omplim.cat\\\/es\\\/mejora-de-calidad-del-aire\\\/#blogposting\",\"name\":\"Mejora de calidad del aire | Omplim\",\"headline\":\"Mejora de calidad del aire\",\"author\":{\"@id\":\"https:\\\/\\\/omplim.cat\\\/es\\\/author\\\/admin\\\/#author\"},\"publisher\":{\"@id\":\"https:\\\/\\\/omplim.cat\\\/es\\\/#organization\"},\"image\":{\"@type\":\"ImageObject\",\"url\":\"https:\\\/\\\/omplim.cat\\\/wp-content\\\/uploads\\\/2025\\\/11\\\/qualitat-aire.png\",\"width\":1056,\"height\":596,\"caption\":\"qualitat de l'aire\"},\"datePublished\":\"2025-11-19T10:32:28+00:00\",\"dateModified\":\"2025-11-21T10:30:18+00:00\",\"inLanguage\":\"es-ES\",\"mainEntityOfPage\":{\"@id\":\"https:\\\/\\\/omplim.cat\\\/es\\\/mejora-de-calidad-del-aire\\\/#webpage\"},\"isPartOf\":{\"@id\":\"https:\\\/\\\/omplim.cat\\\/es\\\/mejora-de-calidad-del-aire\\\/#webpage\"},\"articleSection\":\"Bienestar, Gesti\\u00f3n Sostenibilidad, calidad de vida, calidad del aire, construcci\\u00f3n sostenible, materiales saludables\"},{\"@type\":\"BreadcrumbList\",\"@id\":\"https:\\\/\\\/omplim.cat\\\/es\\\/mejora-de-calidad-del-aire\\\/#breadcrumblist\",\"itemListElement\":[{\"@type\":\"ListItem\",\"@id\":\"https:\\\/\\\/omplim.cat\\\/es\\\/#listItem\",\"position\":1,\"name\":\"Home\",\"item\":\"https:\\\/\\\/omplim.cat\\\/es\\\/\",\"nextItem\":{\"@type\":\"ListItem\",\"@id\":\"https:\\\/\\\/omplim.cat\\\/es\\\/categoria\\\/bienestar\\\/#listItem\",\"name\":\"Bienestar\"}},{\"@type\":\"ListItem\",\"@id\":\"https:\\\/\\\/omplim.cat\\\/es\\\/categoria\\\/bienestar\\\/#listItem\",\"position\":2,\"name\":\"Bienestar\",\"item\":\"https:\\\/\\\/omplim.cat\\\/es\\\/categoria\\\/bienestar\\\/\",\"nextItem\":{\"@type\":\"ListItem\",\"@id\":\"https:\\\/\\\/omplim.cat\\\/es\\\/mejora-de-calidad-del-aire\\\/#listItem\",\"name\":\"Mejora de calidad del aire\"},\"previousItem\":{\"@type\":\"ListItem\",\"@id\":\"https:\\\/\\\/omplim.cat\\\/es\\\/#listItem\",\"name\":\"Home\"}},{\"@type\":\"ListItem\",\"@id\":\"https:\\\/\\\/omplim.cat\\\/es\\\/mejora-de-calidad-del-aire\\\/#listItem\",\"position\":3,\"name\":\"Mejora de calidad del aire\",\"previousItem\":{\"@type\":\"ListItem\",\"@id\":\"https:\\\/\\\/omplim.cat\\\/es\\\/categoria\\\/bienestar\\\/#listItem\",\"name\":\"Bienestar\"}}]},{\"@type\":\"Organization\",\"@id\":\"https:\\\/\\\/omplim.cat\\\/es\\\/#organization\",\"name\":\"Omplim\",\"description\":\"Gesti\\u00f3 i edificaci\\u00f3 responsable\",\"url\":\"https:\\\/\\\/omplim.cat\\\/es\\\/\",\"logo\":{\"@type\":\"ImageObject\",\"url\":\"https:\\\/\\\/omplim.cat\\\/wp-content\\\/uploads\\\/2022\\\/11\\\/Logo-Omplim-negre.png\",\"@id\":\"https:\\\/\\\/omplim.cat\\\/es\\\/mejora-de-calidad-del-aire\\\/#organizationLogo\",\"width\":276,\"height\":78},\"image\":{\"@id\":\"https:\\\/\\\/omplim.cat\\\/es\\\/mejora-de-calidad-del-aire\\\/#organizationLogo\"}},{\"@type\":\"Person\",\"@id\":\"https:\\\/\\\/omplim.cat\\\/es\\\/author\\\/admin\\\/#author\",\"url\":\"https:\\\/\\\/omplim.cat\\\/es\\\/author\\\/admin\\\/\",\"name\":\"admin\"},{\"@type\":\"WebPage\",\"@id\":\"https:\\\/\\\/omplim.cat\\\/es\\\/mejora-de-calidad-del-aire\\\/#webpage\",\"url\":\"https:\\\/\\\/omplim.cat\\\/es\\\/mejora-de-calidad-del-aire\\\/\",\"name\":\"Mejora de calidad del aire | Omplim\",\"description\":\"Nuestra salud est\\u00e1 condicionada por gran variedad de factores, y los espacios interiores donde pasamos la mayor parte de nuestro d\\u00eda son claves.\",\"inLanguage\":\"es-ES\",\"isPartOf\":{\"@id\":\"https:\\\/\\\/omplim.cat\\\/es\\\/#website\"},\"breadcrumb\":{\"@id\":\"https:\\\/\\\/omplim.cat\\\/es\\\/mejora-de-calidad-del-aire\\\/#breadcrumblist\"},\"author\":{\"@id\":\"https:\\\/\\\/omplim.cat\\\/es\\\/author\\\/admin\\\/#author\"},\"creator\":{\"@id\":\"https:\\\/\\\/omplim.cat\\\/es\\\/author\\\/admin\\\/#author\"},\"image\":{\"@type\":\"ImageObject\",\"url\":\"https:\\\/\\\/omplim.cat\\\/wp-content\\\/uploads\\\/2025\\\/11\\\/qualitat-aire.png\",\"@id\":\"https:\\\/\\\/omplim.cat\\\/es\\\/mejora-de-calidad-del-aire\\\/#mainImage\",\"width\":1056,\"height\":596,\"caption\":\"qualitat de l'aire\"},\"primaryImageOfPage\":{\"@id\":\"https:\\\/\\\/omplim.cat\\\/es\\\/mejora-de-calidad-del-aire\\\/#mainImage\"},\"datePublished\":\"2025-11-19T10:32:28+00:00\",\"dateModified\":\"2025-11-21T10:30:18+00:00\"},{\"@type\":\"WebSite\",\"@id\":\"https:\\\/\\\/omplim.cat\\\/es\\\/#website\",\"url\":\"https:\\\/\\\/omplim.cat\\\/es\\\/\",\"name\":\"Omplim\",\"description\":\"Gesti\\u00f3 i edificaci\\u00f3 responsable\",\"inLanguage\":\"es-ES\",\"publisher\":{\"@id\":\"https:\\\/\\\/omplim.cat\\\/es\\\/#organization\"}}]}\n\t\t<\/script>\n\t\t<!-- All in One SEO -->\n\n","aioseo_head_json":{"title":"Mejora de calidad del aire | Omplim","description":"Nuestra salud est\u00e1 condicionada por gran variedad de factores, y los espacios interiores donde pasamos la mayor parte de nuestro d\u00eda son claves.","canonical_url":"https:\/\/omplim.cat\/es\/mejora-de-calidad-del-aire\/","robots":"max-image-preview:large","keywords":"","webmasterTools":{"miscellaneous":""},"schema":{"@context":"https:\/\/schema.org","@graph":[{"@type":"BlogPosting","@id":"https:\/\/omplim.cat\/es\/mejora-de-calidad-del-aire\/#blogposting","name":"Mejora de calidad del aire | Omplim","headline":"Mejora de calidad del aire","author":{"@id":"https:\/\/omplim.cat\/es\/author\/admin\/#author"},"publisher":{"@id":"https:\/\/omplim.cat\/es\/#organization"},"image":{"@type":"ImageObject","url":"https:\/\/omplim.cat\/wp-content\/uploads\/2025\/11\/qualitat-aire.png","width":1056,"height":596,"caption":"qualitat de l'aire"},"datePublished":"2025-11-19T10:32:28+00:00","dateModified":"2025-11-21T10:30:18+00:00","inLanguage":"es-ES","mainEntityOfPage":{"@id":"https:\/\/omplim.cat\/es\/mejora-de-calidad-del-aire\/#webpage"},"isPartOf":{"@id":"https:\/\/omplim.cat\/es\/mejora-de-calidad-del-aire\/#webpage"},"articleSection":"Bienestar, Gesti\u00f3n Sostenibilidad, calidad de vida, calidad del aire, construcci\u00f3n sostenible, materiales saludables"},{"@type":"BreadcrumbList","@id":"https:\/\/omplim.cat\/es\/mejora-de-calidad-del-aire\/#breadcrumblist","itemListElement":[{"@type":"ListItem","@id":"https:\/\/omplim.cat\/es\/#listItem","position":1,"name":"Home","item":"https:\/\/omplim.cat\/es\/","nextItem":{"@type":"ListItem","@id":"https:\/\/omplim.cat\/es\/categoria\/bienestar\/#listItem","name":"Bienestar"}},{"@type":"ListItem","@id":"https:\/\/omplim.cat\/es\/categoria\/bienestar\/#listItem","position":2,"name":"Bienestar","item":"https:\/\/omplim.cat\/es\/categoria\/bienestar\/","nextItem":{"@type":"ListItem","@id":"https:\/\/omplim.cat\/es\/mejora-de-calidad-del-aire\/#listItem","name":"Mejora de calidad del aire"},"previousItem":{"@type":"ListItem","@id":"https:\/\/omplim.cat\/es\/#listItem","name":"Home"}},{"@type":"ListItem","@id":"https:\/\/omplim.cat\/es\/mejora-de-calidad-del-aire\/#listItem","position":3,"name":"Mejora de calidad del aire","previousItem":{"@type":"ListItem","@id":"https:\/\/omplim.cat\/es\/categoria\/bienestar\/#listItem","name":"Bienestar"}}]},{"@type":"Organization","@id":"https:\/\/omplim.cat\/es\/#organization","name":"Omplim","description":"Gesti\u00f3 i edificaci\u00f3 responsable","url":"https:\/\/omplim.cat\/es\/","logo":{"@type":"ImageObject","url":"https:\/\/omplim.cat\/wp-content\/uploads\/2022\/11\/Logo-Omplim-negre.png","@id":"https:\/\/omplim.cat\/es\/mejora-de-calidad-del-aire\/#organizationLogo","width":276,"height":78},"image":{"@id":"https:\/\/omplim.cat\/es\/mejora-de-calidad-del-aire\/#organizationLogo"}},{"@type":"Person","@id":"https:\/\/omplim.cat\/es\/author\/admin\/#author","url":"https:\/\/omplim.cat\/es\/author\/admin\/","name":"admin"},{"@type":"WebPage","@id":"https:\/\/omplim.cat\/es\/mejora-de-calidad-del-aire\/#webpage","url":"https:\/\/omplim.cat\/es\/mejora-de-calidad-del-aire\/","name":"Mejora de calidad del aire | Omplim","description":"Nuestra salud est\u00e1 condicionada por gran variedad de factores, y los espacios interiores donde pasamos la mayor parte de nuestro d\u00eda son claves.","inLanguage":"es-ES","isPartOf":{"@id":"https:\/\/omplim.cat\/es\/#website"},"breadcrumb":{"@id":"https:\/\/omplim.cat\/es\/mejora-de-calidad-del-aire\/#breadcrumblist"},"author":{"@id":"https:\/\/omplim.cat\/es\/author\/admin\/#author"},"creator":{"@id":"https:\/\/omplim.cat\/es\/author\/admin\/#author"},"image":{"@type":"ImageObject","url":"https:\/\/omplim.cat\/wp-content\/uploads\/2025\/11\/qualitat-aire.png","@id":"https:\/\/omplim.cat\/es\/mejora-de-calidad-del-aire\/#mainImage","width":1056,"height":596,"caption":"qualitat de l'aire"},"primaryImageOfPage":{"@id":"https:\/\/omplim.cat\/es\/mejora-de-calidad-del-aire\/#mainImage"},"datePublished":"2025-11-19T10:32:28+00:00","dateModified":"2025-11-21T10:30:18+00:00"},{"@type":"WebSite","@id":"https:\/\/omplim.cat\/es\/#website","url":"https:\/\/omplim.cat\/es\/","name":"Omplim","description":"Gesti\u00f3 i edificaci\u00f3 responsable","inLanguage":"es-ES","publisher":{"@id":"https:\/\/omplim.cat\/es\/#organization"}}]},"og:locale":"es_ES","og:site_name":"Omplim | Gesti\u00f3 i edificaci\u00f3 responsable","og:type":"article","og:title":"Mejora de calidad del aire | Omplim","og:description":"Nuestra salud est\u00e1 condicionada por gran variedad de factores, y los espacios interiores donde pasamos la mayor parte de nuestro d\u00eda son claves.","og:url":"https:\/\/omplim.cat\/es\/mejora-de-calidad-del-aire\/","og:image":"https:\/\/omplim.cat\/wp-content\/uploads\/2022\/11\/cropped-Logo-Omplim-negre-1.png","og:image:secure_url":"https:\/\/omplim.cat\/wp-content\/uploads\/2022\/11\/cropped-Logo-Omplim-negre-1.png","og:image:width":276,"og:image:height":78,"article:published_time":"2025-11-19T10:32:28+00:00","article:modified_time":"2025-11-21T10:30:18+00:00","twitter:card":"summary_large_image","twitter:title":"Mejora de calidad del aire | Omplim","twitter:description":"Nuestra salud est\u00e1 condicionada por gran variedad de factores, y los espacios interiores donde pasamos la mayor parte de nuestro d\u00eda son claves.","twitter:image":"https:\/\/omplim.cat\/wp-content\/uploads\/2022\/11\/cropped-Logo-Omplim-negre-1.png"},"aioseo_meta_data":{"post_id":"17297","title":null,"description":"Nuestra salud est\u00e1 condicionada por gran variedad de factores, y los espacios interiores donde pasamos la mayor parte de nuestro d\u00eda son claves.","keywords":null,"keyphrases":{"focus":{"keyphrase":"","score":0,"analysis":{"keyphraseInTitle":{"score":0,"maxScore":9,"error":1}}},"additional":[]},"primary_term":null,"canonical_url":null,"og_title":null,"og_description":null,"og_object_type":"default","og_image_type":"default","og_image_url":null,"og_image_width":null,"og_image_height":null,"og_image_custom_url":null,"og_image_custom_fields":null,"og_video":"","og_custom_url":null,"og_article_section":null,"og_article_tags":null,"twitter_use_og":false,"twitter_card":"default","twitter_image_type":"default","twitter_image_url":null,"twitter_image_custom_url":null,"twitter_image_custom_fields":null,"twitter_title":null,"twitter_description":null,"schema":{"blockGraphs":[],"customGraphs":[],"default":{"data":{"Article":[],"Course":[],"Dataset":[],"FAQPage":[],"Movie":[],"Person":[],"Product":[],"ProductReview":[],"Car":[],"Recipe":[],"Service":[],"SoftwareApplication":[],"WebPage":[]},"graphName":"BlogPosting","isEnabled":true},"graphs":[]},"schema_type":"default","schema_type_options":null,"pillar_content":false,"robots_default":true,"robots_noindex":false,"robots_noarchive":false,"robots_nosnippet":false,"robots_nofollow":false,"robots_noimageindex":false,"robots_noodp":false,"robots_notranslate":false,"robots_max_snippet":"-1","robots_max_videopreview":"-1","robots_max_imagepreview":"large","priority":null,"frequency":"default","local_seo":null,"breadcrumb_settings":null,"limit_modified_date":false,"ai":{"faqs":[],"keyPoints":[],"titles":[],"descriptions":[],"socialPosts":{"email":[],"linkedin":[],"twitter":[],"facebook":[],"instagram":[]}},"created":"2025-11-20 11:53:48","updated":"2025-11-21 10:36:09","seo_analyzer_scan_date":null,"focus_keyword":null,"additional_keywords":null,"truseo_locale":null},"aioseo_breadcrumb":"<div class=\"aioseo-breadcrumbs\"><span class=\"aioseo-breadcrumb\">\n\t\t\t<a href=\"https:\/\/omplim.cat\/es\/\" title=\"Home\">Home<\/a>\n\t\t<\/span><span class=\"aioseo-breadcrumb-separator\">&raquo;<\/span><span class=\"aioseo-breadcrumb\">\n\t\t\t<a href=\"https:\/\/omplim.cat\/es\/categoria\/bienestar\/\" title=\"Bienestar\">Bienestar<\/a>\n\t\t<\/span><span class=\"aioseo-breadcrumb-separator\">&raquo;<\/span><span class=\"aioseo-breadcrumb\">\n\t\t\tMejora de calidad del aire\n\t\t<\/span><\/div>","aioseo_breadcrumb_json":[{"label":"Home","link":"https:\/\/omplim.cat\/es\/"},{"label":"Bienestar","link":"https:\/\/omplim.cat\/es\/categoria\/bienestar\/"},{"label":"Mejora de calidad del aire","link":"https:\/\/omplim.cat\/es\/mejora-de-calidad-del-aire\/"}],"_links":{"self":[{"href":"https:\/\/omplim.cat\/es\/wp-json\/wp\/v2\/posts\/17297","targetHints":{"allow":["GET"]}}],"collection":[{"href":"https:\/\/omplim.cat\/es\/wp-json\/wp\/v2\/posts"}],"about":[{"href":"https:\/\/omplim.cat\/es\/wp-json\/wp\/v2\/types\/post"}],"author":[{"embeddable":true,"href":"https:\/\/omplim.cat\/es\/wp-json\/wp\/v2\/users\/1"}],"replies":[{"embeddable":true,"href":"https:\/\/omplim.cat\/es\/wp-json\/wp\/v2\/comments?post=17297"}],"version-history":[{"count":0,"href":"https:\/\/omplim.cat\/es\/wp-json\/wp\/v2\/posts\/17297\/revisions"}],"wp:featuredmedia":[{"embeddable":true,"href":"https:\/\/omplim.cat\/es\/wp-json\/wp\/v2\/media\/17294"}],"wp:attachment":[{"href":"https:\/\/omplim.cat\/es\/wp-json\/wp\/v2\/media?parent=17297"}],"wp:term":[{"taxonomy":"category","embeddable":true,"href":"https:\/\/omplim.cat\/es\/wp-json\/wp\/v2\/categories?post=17297"},{"taxonomy":"post_tag","embeddable":true,"href":"https:\/\/omplim.cat\/es\/wp-json\/wp\/v2\/tags?post=17297"}],"curies":[{"name":"wp","href":"https:\/\/api.w.org\/{rel}","templated":true}]}}