{"id":17220,"date":"2025-09-19T10:33:17","date_gmt":"2025-09-19T10:33:17","guid":{"rendered":"https:\/\/omplim.cat\/?p=17220"},"modified":"2026-01-22T15:33:21","modified_gmt":"2026-01-22T15:33:21","slug":"por-que-un-indice-de-sostenibilidad-interno","status":"publish","type":"post","link":"https:\/\/omplim.cat\/es\/por-que-un-indice-de-sostenibilidad-interno\/","title":{"rendered":"\u00bfPor qu\u00e9 un \u00cdndice de Sostenibilidad interno?"},"content":{"rendered":"<p data-start=\"140\" data-end=\"506\">En Omplim hemos creado el <span style=\"color: #3f5f9d;\"><strong><a style=\"color: #3f5f9d;\" href=\"https:\/\/omplim.cat\/com-ho-fem\/\">\u00cdndice de Sostenibilidad<\/a><\/strong><\/span>, una metodolog\u00eda propia que nos ayuda a medir, evaluar y mejorar de manera continua los proyectos que gestionamos. Es nuestra herramienta interna para garantizar que los proyectos inmobiliarios que desarrollamos sean sostenibles y de calidad, y para traducir nuestro prop\u00f3sito en decisiones concretas y tangibles.<\/p>\n<p data-start=\"508\" data-end=\"1031\">En el sector de la construcci\u00f3n existen certificaciones y modelos de gran valor, como <span style=\"color: #3f5f9d;\"><a style=\"color: #3f5f9d;\" href=\"https:\/\/gbce.es\/metodologia-verde\/\"><strong>VERDE<\/strong><\/a><\/span>, <span style=\"color: #3f5f9d;\"><a style=\"color: #3f5f9d;\" href=\"https:\/\/www.wellcertified.com\/\"><strong>WELL<\/strong><\/a><\/span>, <span style=\"color: #3f5f9d;\"><a style=\"color: #3f5f9d;\" href=\"https:\/\/breeam.es\/\"><strong>BREEAM<\/strong><\/a><\/span>, <span style=\"color: #3f5f9d;\"><a style=\"color: #3f5f9d;\" href=\"https:\/\/www.usgbc.org\/leed\"><strong>LEED<\/strong><\/a><\/span> o <span style=\"color: #3f5f9d;\"><a style=\"color: #3f5f9d;\" href=\"https:\/\/gbce.es\/sistemas\/dgnb\/\"><strong>DGNB<\/strong><\/a><\/span>, entre otros. Todos ellos aportan marcos de referencia \u00fatiles y criterios que empleamos como base, pero presentan ciertas limitaciones. A menudo, los <strong>costes de implantaci\u00f3n y certificaci\u00f3n<\/strong> son demasiado elevados \u2014lo que dificulta el acceso de peque\u00f1as y medianas empresas\u2014 y, al mismo tiempo, cada modelo adopta una <strong>aproximaci\u00f3n distinta<\/strong> y responde a contextos normativos y de mercado muy heterog\u00e9neos.<\/p>\n<p data-start=\"1033\" data-end=\"1757\">Ante este contexto, en Omplim sentimos la necesidad de disponer de una <strong>herramienta propia y adaptada a nuestro prop\u00f3sito<\/strong>. Una que combinara agilidad y rigor t\u00e9cnico, alineada con los requisitos europeos de <span style=\"color: #3f5f9d;\"><a style=\"color: #3f5f9d;\" href=\"https:\/\/omplim.cat\/levels-edificacio-sostenible-a-europa\/\"><strong>Level(s)<\/strong><\/a><\/span> y la <span style=\"color: #3f5f9d;\"><a style=\"color: #3f5f9d;\" href=\"https:\/\/spain.representation.ec.europa.eu\/noticias-eventos\/noticias-0\/la-taxonomia-verde-europea-que-es-y-por-que-es-importante-2022-01-25_es\"><strong>Taxonom\u00eda UE<\/strong><\/a><\/span>, y que abordara no solo los criterios de dise\u00f1o de edificios sostenibles, sino tambi\u00e9n la gesti\u00f3n responsable de todo el <strong>ciclo de vida del proyecto inmobiliario<\/strong>. El <strong>\u00cdndice de Sostenibilidad<\/strong> nace, as\u00ed, para complementar las herramientas existentes y ofrecernos un marco interno con el que evaluar cada proyecto desde una perspectiva integral. Su objetivo no es certificar, sino servir de br\u00fajula para mejorar de forma constante nuestra actividad y el impacto que generamos en el territorio.<\/p>\n<h3 data-start=\"1759\" data-end=\"2349\"><strong data-start=\"1759\" data-end=\"1804\">Una mirada hol\u00edstica de la sostenibilidad<\/strong><\/h3>\n<p data-start=\"1759\" data-end=\"2349\"><br data-start=\"1804\" data-end=\"1807\" \/>Para nosotros, hablar de sostenibilidad no puede reducirse \u00fanicamente a la <strong>eficiencia energ\u00e9tica<\/strong> o a la <strong>reducci\u00f3n de emisione<\/strong>s. Estos aspectos son esenciales, pero insuficientes para transformar el sector. Defendemos una <strong>sostenibilidad hol\u00edstica<\/strong>, entendida como el conjunto de decisiones, procesos y medidas que aplicamos para que nuestra actividad genere <strong>impacto social, ambiental y econ\u00f3mico<\/strong> en nuestro territorio. Solo teniendo en cuenta estas tres dimensiones de manera equilibrada podemos hablar de proyectos realmente transformadores.<\/p>\n<p data-start=\"2351\" data-end=\"2530\">Es por ello que nuestro \u00cdndice se articula alrededor de seis pilares: sostenibilidad ambiental, bienestar, inclusi\u00f3n, asequibilidad, cadena de valor justa e impacto comunitario.<\/p>\n<p data-start=\"2532\" data-end=\"2871\">Creemos que el \u00cdndice de Sostenibilidad debe ser una herramienta interna, operativa y viva, que nos permita mantener nuestro prop\u00f3sito activo en cada decisi\u00f3n. Con el \u00cdndice no solo medimos, sino que aprendemos, mejoramos y transformamos la manera en que se desarrollan los proyectos inmobiliarios que gestionamos para nuestros clientes.<\/p>\n","protected":false},"excerpt":{"rendered":"<p>En Omplim hemos creado el \u00cdndice de Sostenibilidad, una metodolog\u00eda propia que nos ayuda a medir, evaluar y mejorar de manera continua los proyectos que gestionamos. Es nuestra herramienta interna para garantizar que los proyectos inmobiliarios que desarrollamos sean sostenibles y de calidad, y para traducir nuestro prop\u00f3sito en decisiones concretas y tangibles. En el [&hellip;]<\/p>\n","protected":false},"author":1,"featured_media":17207,"comment_status":"open","ping_status":"open","sticky":false,"template":"","format":"standard","meta":{"_acf_changed":false,"content-type":"","_mo_disable_npp":"","footnotes":""},"categories":[58,68,63,57,64,65],"tags":[147,67],"class_list":["post-17220","post","type-post","status-publish","format-standard","has-post-thumbnail","hentry","category-asequibilidad","category-bienestar","category-cadena-de-valor-justa","category-impacto-comunitario","category-inclusion","category-sostenibilidad-ambiental","tag-arquitectura-sostenible-es","tag-sostenibilidad"],"acf":[],"aioseo_notices":[],"aioseo_head":"\n\t\t<!-- All in One SEO 5.0.1.1 - aioseo.com -->\n\t<meta name=\"description\" content=\"Hemos creado el \u00cdndice de Sostenibilidad, una metodolog\u00eda propia que nos ayuda a medir, evaluar y mejorar de manera continua los proyectos que gestionamos.\" \/>\n\t<meta name=\"robots\" content=\"max-image-preview:large\" \/>\n\t<meta name=\"author\" content=\"admin\"\/>\n\t<link rel=\"canonical\" href=\"https:\/\/omplim.cat\/es\/por-que-un-indice-de-sostenibilidad-interno\/\" \/>\n\t<meta name=\"generator\" content=\"All in One SEO (AIOSEO) 5.0.1.1\" \/>\n\t\t<meta property=\"og:locale\" content=\"es_ES\" \/>\n\t\t<meta property=\"og:site_name\" content=\"Omplim | Gesti\u00f3 i edificaci\u00f3 responsable\" \/>\n\t\t<meta property=\"og:type\" content=\"article\" \/>\n\t\t<meta property=\"og:title\" content=\"\u00bfPor qu\u00e9 un \u00cdndice de Sostenibilidad interno? | Omplim\" \/>\n\t\t<meta property=\"og:description\" content=\"Hemos creado el \u00cdndice de Sostenibilidad, una metodolog\u00eda propia que nos ayuda a medir, evaluar y mejorar de manera continua los proyectos que gestionamos.\" \/>\n\t\t<meta property=\"og:url\" content=\"https:\/\/omplim.cat\/es\/por-que-un-indice-de-sostenibilidad-interno\/\" \/>\n\t\t<meta property=\"og:image\" content=\"https:\/\/omplim.cat\/wp-content\/uploads\/2022\/11\/cropped-Logo-Omplim-negre-1.png\" \/>\n\t\t<meta property=\"og:image:secure_url\" content=\"https:\/\/omplim.cat\/wp-content\/uploads\/2022\/11\/cropped-Logo-Omplim-negre-1.png\" \/>\n\t\t<meta property=\"og:image:width\" content=\"276\" \/>\n\t\t<meta property=\"og:image:height\" content=\"78\" \/>\n\t\t<meta property=\"article:published_time\" content=\"2025-09-19T10:33:17+00:00\" \/>\n\t\t<meta property=\"article:modified_time\" content=\"2026-01-22T15:33:21+00:00\" \/>\n\t\t<meta name=\"twitter:card\" content=\"summary_large_image\" \/>\n\t\t<meta name=\"twitter:title\" content=\"\u00bfPor qu\u00e9 un \u00cdndice de Sostenibilidad interno? | Omplim\" \/>\n\t\t<meta name=\"twitter:description\" content=\"Hemos creado el \u00cdndice de Sostenibilidad, una metodolog\u00eda propia que nos ayuda a medir, evaluar y mejorar de manera continua los proyectos que gestionamos.\" \/>\n\t\t<meta name=\"twitter:image\" content=\"https:\/\/omplim.cat\/wp-content\/uploads\/2022\/11\/cropped-Logo-Omplim-negre-1.png\" \/>\n\t\t<script type=\"application\/ld+json\" class=\"aioseo-schema\">\n\t\t\t{\"@context\":\"https:\\\/\\\/schema.org\",\"@graph\":[{\"@type\":\"BlogPosting\",\"@id\":\"https:\\\/\\\/omplim.cat\\\/es\\\/por-que-un-indice-de-sostenibilidad-interno\\\/#blogposting\",\"name\":\"\\u00bfPor qu\\u00e9 un \\u00cdndice de Sostenibilidad interno? | Omplim\",\"headline\":\"\\u00bfPor qu\\u00e9 un \\u00cdndice de Sostenibilidad interno?\",\"author\":{\"@id\":\"https:\\\/\\\/omplim.cat\\\/es\\\/author\\\/admin\\\/#author\"},\"publisher\":{\"@id\":\"https:\\\/\\\/omplim.cat\\\/es\\\/#organization\"},\"image\":{\"@type\":\"ImageObject\",\"url\":\"https:\\\/\\\/omplim.cat\\\/wp-content\\\/uploads\\\/2025\\\/09\\\/PQ-index-Sostenibilitat.png\",\"width\":1056,\"height\":596,\"caption\":\"Index Sostenibilitat\"},\"datePublished\":\"2025-09-19T10:33:17+00:00\",\"dateModified\":\"2026-01-22T15:33:21+00:00\",\"inLanguage\":\"es-ES\",\"mainEntityOfPage\":{\"@id\":\"https:\\\/\\\/omplim.cat\\\/es\\\/por-que-un-indice-de-sostenibilidad-interno\\\/#webpage\"},\"isPartOf\":{\"@id\":\"https:\\\/\\\/omplim.cat\\\/es\\\/por-que-un-indice-de-sostenibilidad-interno\\\/#webpage\"},\"articleSection\":\"Asequibilidad, Bienestar, Cadena de valor justa, Impacto comunitario, Inclusi\\u00f3n, Sostenibilidad ambiental, arquitectura sostenible, Sostenibilidad\"},{\"@type\":\"BreadcrumbList\",\"@id\":\"https:\\\/\\\/omplim.cat\\\/es\\\/por-que-un-indice-de-sostenibilidad-interno\\\/#breadcrumblist\",\"itemListElement\":[{\"@type\":\"ListItem\",\"@id\":\"https:\\\/\\\/omplim.cat\\\/es\\\/#listItem\",\"position\":1,\"name\":\"Home\",\"item\":\"https:\\\/\\\/omplim.cat\\\/es\\\/\",\"nextItem\":{\"@type\":\"ListItem\",\"@id\":\"https:\\\/\\\/omplim.cat\\\/es\\\/categoria\\\/impacto-comunitario\\\/#listItem\",\"name\":\"Impacto comunitario\"}},{\"@type\":\"ListItem\",\"@id\":\"https:\\\/\\\/omplim.cat\\\/es\\\/categoria\\\/impacto-comunitario\\\/#listItem\",\"position\":2,\"name\":\"Impacto comunitario\",\"item\":\"https:\\\/\\\/omplim.cat\\\/es\\\/categoria\\\/impacto-comunitario\\\/\",\"nextItem\":{\"@type\":\"ListItem\",\"@id\":\"https:\\\/\\\/omplim.cat\\\/es\\\/por-que-un-indice-de-sostenibilidad-interno\\\/#listItem\",\"name\":\"\\u00bfPor qu\\u00e9 un \\u00cdndice de Sostenibilidad interno?\"},\"previousItem\":{\"@type\":\"ListItem\",\"@id\":\"https:\\\/\\\/omplim.cat\\\/es\\\/#listItem\",\"name\":\"Home\"}},{\"@type\":\"ListItem\",\"@id\":\"https:\\\/\\\/omplim.cat\\\/es\\\/por-que-un-indice-de-sostenibilidad-interno\\\/#listItem\",\"position\":3,\"name\":\"\\u00bfPor qu\\u00e9 un \\u00cdndice de Sostenibilidad interno?\",\"previousItem\":{\"@type\":\"ListItem\",\"@id\":\"https:\\\/\\\/omplim.cat\\\/es\\\/categoria\\\/impacto-comunitario\\\/#listItem\",\"name\":\"Impacto comunitario\"}}]},{\"@type\":\"Organization\",\"@id\":\"https:\\\/\\\/omplim.cat\\\/es\\\/#organization\",\"name\":\"Omplim\",\"description\":\"Gesti\\u00f3 i edificaci\\u00f3 responsable\",\"url\":\"https:\\\/\\\/omplim.cat\\\/es\\\/\",\"logo\":{\"@type\":\"ImageObject\",\"url\":\"https:\\\/\\\/omplim.cat\\\/wp-content\\\/uploads\\\/2022\\\/11\\\/Logo-Omplim-negre.png\",\"@id\":\"https:\\\/\\\/omplim.cat\\\/es\\\/por-que-un-indice-de-sostenibilidad-interno\\\/#organizationLogo\",\"width\":276,\"height\":78},\"image\":{\"@id\":\"https:\\\/\\\/omplim.cat\\\/es\\\/por-que-un-indice-de-sostenibilidad-interno\\\/#organizationLogo\"}},{\"@type\":\"Person\",\"@id\":\"https:\\\/\\\/omplim.cat\\\/es\\\/author\\\/admin\\\/#author\",\"url\":\"https:\\\/\\\/omplim.cat\\\/es\\\/author\\\/admin\\\/\",\"name\":\"admin\"},{\"@type\":\"WebPage\",\"@id\":\"https:\\\/\\\/omplim.cat\\\/es\\\/por-que-un-indice-de-sostenibilidad-interno\\\/#webpage\",\"url\":\"https:\\\/\\\/omplim.cat\\\/es\\\/por-que-un-indice-de-sostenibilidad-interno\\\/\",\"name\":\"\\u00bfPor qu\\u00e9 un \\u00cdndice de Sostenibilidad interno? | Omplim\",\"description\":\"Hemos creado el \\u00cdndice de Sostenibilidad, una metodolog\\u00eda propia que nos ayuda a medir, evaluar y mejorar de manera continua los proyectos que gestionamos.\",\"inLanguage\":\"es-ES\",\"isPartOf\":{\"@id\":\"https:\\\/\\\/omplim.cat\\\/es\\\/#website\"},\"breadcrumb\":{\"@id\":\"https:\\\/\\\/omplim.cat\\\/es\\\/por-que-un-indice-de-sostenibilidad-interno\\\/#breadcrumblist\"},\"author\":{\"@id\":\"https:\\\/\\\/omplim.cat\\\/es\\\/author\\\/admin\\\/#author\"},\"creator\":{\"@id\":\"https:\\\/\\\/omplim.cat\\\/es\\\/author\\\/admin\\\/#author\"},\"image\":{\"@type\":\"ImageObject\",\"url\":\"https:\\\/\\\/omplim.cat\\\/wp-content\\\/uploads\\\/2025\\\/09\\\/PQ-index-Sostenibilitat.png\",\"@id\":\"https:\\\/\\\/omplim.cat\\\/es\\\/por-que-un-indice-de-sostenibilidad-interno\\\/#mainImage\",\"width\":1056,\"height\":596,\"caption\":\"Index Sostenibilitat\"},\"primaryImageOfPage\":{\"@id\":\"https:\\\/\\\/omplim.cat\\\/es\\\/por-que-un-indice-de-sostenibilidad-interno\\\/#mainImage\"},\"datePublished\":\"2025-09-19T10:33:17+00:00\",\"dateModified\":\"2026-01-22T15:33:21+00:00\"},{\"@type\":\"WebSite\",\"@id\":\"https:\\\/\\\/omplim.cat\\\/es\\\/#website\",\"url\":\"https:\\\/\\\/omplim.cat\\\/es\\\/\",\"name\":\"Omplim\",\"description\":\"Gesti\\u00f3 i edificaci\\u00f3 responsable\",\"inLanguage\":\"es-ES\",\"publisher\":{\"@id\":\"https:\\\/\\\/omplim.cat\\\/es\\\/#organization\"}}]}\n\t\t<\/script>\n\t\t<!-- All in One SEO -->\n\n","aioseo_head_json":{"title":"\u00bfPor qu\u00e9 un \u00cdndice de Sostenibilidad interno? | Omplim","description":"Hemos creado el \u00cdndice de Sostenibilidad, una metodolog\u00eda propia que nos ayuda a medir, evaluar y mejorar de manera continua los proyectos que gestionamos.","canonical_url":"https:\/\/omplim.cat\/es\/por-que-un-indice-de-sostenibilidad-interno\/","robots":"max-image-preview:large","keywords":"","webmasterTools":{"miscellaneous":""},"schema":{"@context":"https:\/\/schema.org","@graph":[{"@type":"BlogPosting","@id":"https:\/\/omplim.cat\/es\/por-que-un-indice-de-sostenibilidad-interno\/#blogposting","name":"\u00bfPor qu\u00e9 un \u00cdndice de Sostenibilidad interno? | Omplim","headline":"\u00bfPor qu\u00e9 un \u00cdndice de Sostenibilidad interno?","author":{"@id":"https:\/\/omplim.cat\/es\/author\/admin\/#author"},"publisher":{"@id":"https:\/\/omplim.cat\/es\/#organization"},"image":{"@type":"ImageObject","url":"https:\/\/omplim.cat\/wp-content\/uploads\/2025\/09\/PQ-index-Sostenibilitat.png","width":1056,"height":596,"caption":"Index Sostenibilitat"},"datePublished":"2025-09-19T10:33:17+00:00","dateModified":"2026-01-22T15:33:21+00:00","inLanguage":"es-ES","mainEntityOfPage":{"@id":"https:\/\/omplim.cat\/es\/por-que-un-indice-de-sostenibilidad-interno\/#webpage"},"isPartOf":{"@id":"https:\/\/omplim.cat\/es\/por-que-un-indice-de-sostenibilidad-interno\/#webpage"},"articleSection":"Asequibilidad, Bienestar, Cadena de valor justa, Impacto comunitario, Inclusi\u00f3n, Sostenibilidad ambiental, arquitectura sostenible, Sostenibilidad"},{"@type":"BreadcrumbList","@id":"https:\/\/omplim.cat\/es\/por-que-un-indice-de-sostenibilidad-interno\/#breadcrumblist","itemListElement":[{"@type":"ListItem","@id":"https:\/\/omplim.cat\/es\/#listItem","position":1,"name":"Home","item":"https:\/\/omplim.cat\/es\/","nextItem":{"@type":"ListItem","@id":"https:\/\/omplim.cat\/es\/categoria\/impacto-comunitario\/#listItem","name":"Impacto comunitario"}},{"@type":"ListItem","@id":"https:\/\/omplim.cat\/es\/categoria\/impacto-comunitario\/#listItem","position":2,"name":"Impacto comunitario","item":"https:\/\/omplim.cat\/es\/categoria\/impacto-comunitario\/","nextItem":{"@type":"ListItem","@id":"https:\/\/omplim.cat\/es\/por-que-un-indice-de-sostenibilidad-interno\/#listItem","name":"\u00bfPor qu\u00e9 un \u00cdndice de Sostenibilidad interno?"},"previousItem":{"@type":"ListItem","@id":"https:\/\/omplim.cat\/es\/#listItem","name":"Home"}},{"@type":"ListItem","@id":"https:\/\/omplim.cat\/es\/por-que-un-indice-de-sostenibilidad-interno\/#listItem","position":3,"name":"\u00bfPor qu\u00e9 un \u00cdndice de Sostenibilidad interno?","previousItem":{"@type":"ListItem","@id":"https:\/\/omplim.cat\/es\/categoria\/impacto-comunitario\/#listItem","name":"Impacto comunitario"}}]},{"@type":"Organization","@id":"https:\/\/omplim.cat\/es\/#organization","name":"Omplim","description":"Gesti\u00f3 i edificaci\u00f3 responsable","url":"https:\/\/omplim.cat\/es\/","logo":{"@type":"ImageObject","url":"https:\/\/omplim.cat\/wp-content\/uploads\/2022\/11\/Logo-Omplim-negre.png","@id":"https:\/\/omplim.cat\/es\/por-que-un-indice-de-sostenibilidad-interno\/#organizationLogo","width":276,"height":78},"image":{"@id":"https:\/\/omplim.cat\/es\/por-que-un-indice-de-sostenibilidad-interno\/#organizationLogo"}},{"@type":"Person","@id":"https:\/\/omplim.cat\/es\/author\/admin\/#author","url":"https:\/\/omplim.cat\/es\/author\/admin\/","name":"admin"},{"@type":"WebPage","@id":"https:\/\/omplim.cat\/es\/por-que-un-indice-de-sostenibilidad-interno\/#webpage","url":"https:\/\/omplim.cat\/es\/por-que-un-indice-de-sostenibilidad-interno\/","name":"\u00bfPor qu\u00e9 un \u00cdndice de Sostenibilidad interno? | Omplim","description":"Hemos creado el \u00cdndice de Sostenibilidad, una metodolog\u00eda propia que nos ayuda a medir, evaluar y mejorar de manera continua los proyectos que gestionamos.","inLanguage":"es-ES","isPartOf":{"@id":"https:\/\/omplim.cat\/es\/#website"},"breadcrumb":{"@id":"https:\/\/omplim.cat\/es\/por-que-un-indice-de-sostenibilidad-interno\/#breadcrumblist"},"author":{"@id":"https:\/\/omplim.cat\/es\/author\/admin\/#author"},"creator":{"@id":"https:\/\/omplim.cat\/es\/author\/admin\/#author"},"image":{"@type":"ImageObject","url":"https:\/\/omplim.cat\/wp-content\/uploads\/2025\/09\/PQ-index-Sostenibilitat.png","@id":"https:\/\/omplim.cat\/es\/por-que-un-indice-de-sostenibilidad-interno\/#mainImage","width":1056,"height":596,"caption":"Index Sostenibilitat"},"primaryImageOfPage":{"@id":"https:\/\/omplim.cat\/es\/por-que-un-indice-de-sostenibilidad-interno\/#mainImage"},"datePublished":"2025-09-19T10:33:17+00:00","dateModified":"2026-01-22T15:33:21+00:00"},{"@type":"WebSite","@id":"https:\/\/omplim.cat\/es\/#website","url":"https:\/\/omplim.cat\/es\/","name":"Omplim","description":"Gesti\u00f3 i edificaci\u00f3 responsable","inLanguage":"es-ES","publisher":{"@id":"https:\/\/omplim.cat\/es\/#organization"}}]},"og:locale":"es_ES","og:site_name":"Omplim | Gesti\u00f3 i edificaci\u00f3 responsable","og:type":"article","og:title":"\u00bfPor qu\u00e9 un \u00cdndice de Sostenibilidad interno? | Omplim","og:description":"Hemos creado el \u00cdndice de Sostenibilidad, una metodolog\u00eda propia que nos ayuda a medir, evaluar y mejorar de manera continua los proyectos que gestionamos.","og:url":"https:\/\/omplim.cat\/es\/por-que-un-indice-de-sostenibilidad-interno\/","og:image":"https:\/\/omplim.cat\/wp-content\/uploads\/2022\/11\/cropped-Logo-Omplim-negre-1.png","og:image:secure_url":"https:\/\/omplim.cat\/wp-content\/uploads\/2022\/11\/cropped-Logo-Omplim-negre-1.png","og:image:width":276,"og:image:height":78,"article:published_time":"2025-09-19T10:33:17+00:00","article:modified_time":"2026-01-22T15:33:21+00:00","twitter:card":"summary_large_image","twitter:title":"\u00bfPor qu\u00e9 un \u00cdndice de Sostenibilidad interno? | Omplim","twitter:description":"Hemos creado el \u00cdndice de Sostenibilidad, una metodolog\u00eda propia que nos ayuda a medir, evaluar y mejorar de manera continua los proyectos que gestionamos.","twitter:image":"https:\/\/omplim.cat\/wp-content\/uploads\/2022\/11\/cropped-Logo-Omplim-negre-1.png"},"aioseo_meta_data":{"post_id":"17220","title":null,"description":"Hemos creado el \u00cdndice de Sostenibilidad, una metodolog\u00eda propia que nos ayuda a medir, evaluar y mejorar de manera continua los proyectos que gestionamos.","keywords":null,"keyphrases":{"focus":{"keyphrase":"","score":0,"analysis":{"keyphraseInTitle":{"score":0,"maxScore":9,"error":1}}},"additional":[]},"primary_term":null,"canonical_url":null,"og_title":null,"og_description":null,"og_object_type":"default","og_image_type":"default","og_image_url":null,"og_image_width":null,"og_image_height":null,"og_image_custom_url":null,"og_image_custom_fields":null,"og_video":"","og_custom_url":null,"og_article_section":null,"og_article_tags":null,"twitter_use_og":false,"twitter_card":"default","twitter_image_type":"default","twitter_image_url":null,"twitter_image_custom_url":null,"twitter_image_custom_fields":null,"twitter_title":null,"twitter_description":null,"schema":{"blockGraphs":[],"customGraphs":[],"default":{"data":{"Article":[],"Course":[],"Dataset":[],"FAQPage":[],"Movie":[],"Person":[],"Product":[],"ProductReview":[],"Car":[],"Recipe":[],"Service":[],"SoftwareApplication":[],"WebPage":[]},"graphName":"BlogPosting","isEnabled":true},"graphs":[]},"schema_type":"default","schema_type_options":null,"pillar_content":false,"robots_default":true,"robots_noindex":false,"robots_noarchive":false,"robots_nosnippet":false,"robots_nofollow":false,"robots_noimageindex":false,"robots_noodp":false,"robots_notranslate":false,"robots_max_snippet":"-1","robots_max_videopreview":"-1","robots_max_imagepreview":"large","priority":null,"frequency":"default","local_seo":null,"breadcrumb_settings":null,"limit_modified_date":false,"ai":{"faqs":[],"keyPoints":[],"titles":[],"descriptions":[],"socialPosts":{"email":[],"linkedin":[],"twitter":[],"facebook":[],"instagram":[]}},"created":"2025-09-18 08:45:22","updated":"2026-01-22 15:39:35","seo_analyzer_scan_date":null,"focus_keyword":null,"additional_keywords":null,"truseo_locale":null},"aioseo_breadcrumb":"<div class=\"aioseo-breadcrumbs\"><span class=\"aioseo-breadcrumb\">\n\t\t\t<a href=\"https:\/\/omplim.cat\/es\/\" title=\"Home\">Home<\/a>\n\t\t<\/span><span class=\"aioseo-breadcrumb-separator\">&raquo;<\/span><span class=\"aioseo-breadcrumb\">\n\t\t\t<a href=\"https:\/\/omplim.cat\/es\/categoria\/impacto-comunitario\/\" title=\"Impacto comunitario\">Impacto comunitario<\/a>\n\t\t<\/span><span class=\"aioseo-breadcrumb-separator\">&raquo;<\/span><span class=\"aioseo-breadcrumb\">\n\t\t\t\u00bfPor qu\u00e9 un \u00cdndice de Sostenibilidad interno?\n\t\t<\/span><\/div>","aioseo_breadcrumb_json":[{"label":"Home","link":"https:\/\/omplim.cat\/es\/"},{"label":"Impacto comunitario","link":"https:\/\/omplim.cat\/es\/categoria\/impacto-comunitario\/"},{"label":"\u00bfPor qu\u00e9 un \u00cdndice de Sostenibilidad interno?","link":"https:\/\/omplim.cat\/es\/por-que-un-indice-de-sostenibilidad-interno\/"}],"_links":{"self":[{"href":"https:\/\/omplim.cat\/es\/wp-json\/wp\/v2\/posts\/17220","targetHints":{"allow":["GET"]}}],"collection":[{"href":"https:\/\/omplim.cat\/es\/wp-json\/wp\/v2\/posts"}],"about":[{"href":"https:\/\/omplim.cat\/es\/wp-json\/wp\/v2\/types\/post"}],"author":[{"embeddable":true,"href":"https:\/\/omplim.cat\/es\/wp-json\/wp\/v2\/users\/1"}],"replies":[{"embeddable":true,"href":"https:\/\/omplim.cat\/es\/wp-json\/wp\/v2\/comments?post=17220"}],"version-history":[{"count":1,"href":"https:\/\/omplim.cat\/es\/wp-json\/wp\/v2\/posts\/17220\/revisions"}],"predecessor-version":[{"id":17362,"href":"https:\/\/omplim.cat\/es\/wp-json\/wp\/v2\/posts\/17220\/revisions\/17362"}],"wp:featuredmedia":[{"embeddable":true,"href":"https:\/\/omplim.cat\/es\/wp-json\/wp\/v2\/media\/17207"}],"wp:attachment":[{"href":"https:\/\/omplim.cat\/es\/wp-json\/wp\/v2\/media?parent=17220"}],"wp:term":[{"taxonomy":"category","embeddable":true,"href":"https:\/\/omplim.cat\/es\/wp-json\/wp\/v2\/categories?post=17220"},{"taxonomy":"post_tag","embeddable":true,"href":"https:\/\/omplim.cat\/es\/wp-json\/wp\/v2\/tags?post=17220"}],"curies":[{"name":"wp","href":"https:\/\/api.w.org\/{rel}","templated":true}]}}