{"id":17161,"date":"2025-07-08T11:42:46","date_gmt":"2025-07-08T11:42:46","guid":{"rendered":"https:\/\/omplim.cat\/?p=17161"},"modified":"2025-07-08T11:59:08","modified_gmt":"2025-07-08T11:59:08","slug":"tres-obras-que-avanzan-a-buen-ritmo","status":"publish","type":"post","link":"https:\/\/omplim.cat\/es\/tres-obras-que-avanzan-a-buen-ritmo\/","title":{"rendered":"Nuestras obras durante el curso 2024-2025"},"content":{"rendered":"<h3>Con la llegada del final del curso 2024-2025, hacemos balance del estado de las tres promociones que, desde Omplim, gestionamos de forma integral. Los tres proyectos iniciaron obras durante el curso 2023\u20132024 y han alcanzado, cada uno a su ritmo y contexto, hitos importantes.<\/h3>\n<p>Tanto en el caso del proyecto El Prat 011 \u2014vivienda cooperativa en r\u00e9gimen de alquiler asequible\u2014, como en los de Girona 009 y Arenys 036 \u2014concebidos como promociones de venta\u2014, compartimos una misma voluntad: transformar la manera de desarrollar proyectos inmobiliarios. \u00bfC\u00f3mo? A trav\u00e9s de una gesti\u00f3n que impulse procesos y materiales sostenibles y que garantice su calidad.<\/p>\n<p>&nbsp;<\/p>\n<h3>El Prat 011: vivienda cooperativa y asequible en El Prat de Llobregat<\/h3>\n<p><img fetchpriority=\"high\" decoding=\"async\" class=\"size-full wp-image-17154\" src=\"https:\/\/omplim.cat\/wp-content\/uploads\/2025\/07\/prat.jpg\" alt=\"Habitatge lloguer protegit\" width=\"1852\" height=\"1191\" \/><\/p>\n<p>&nbsp;<\/p>\n<p data-start=\"923\" data-end=\"1392\">Las obras de El Prat 011, el proyecto promovido por la <span style=\"color: #3f5f9d;\"><strong><a style=\"color: #3f5f9d;\" href=\"https:\/\/cov.coop\/\">Cooperativa Obrera de Viviendas (COV)<\/a><\/strong><\/span>, comenzaron en octubre de 2023. Se trata de una promoci\u00f3n de <span style=\"color: #3f5f9d;\"><a style=\"color: #3f5f9d;\" href=\"https:\/\/cov.coop\/projectes\/101-habitatges\/\"><strong>101 viviendas<\/strong><\/a><\/span> distribuidas en tres bloques, orientada a un modelo de alquiler asequible, estable, cooperativo y sostenible. El pasado mes de junio se celebr\u00f3 el <span style=\"color: #3f5f9d;\"><strong><a style=\"color: #3f5f9d;\" href=\"https:\/\/cov.coop\/sorteig-101-habitatges-2025\/\">sorteo p\u00fablico<\/a><\/strong><\/span> entre las personas solicitantes, y ya se han adjudicado 91 pisos; los 10 restantes se destinar\u00e1n a la Mesa de Emergencias del Ayuntamiento.<\/p>\n<p data-start=\"1394\" data-end=\"1846\">Actualmente, las obras se encuentran en una fase muy avanzada. De forma general, en el bloque 1 se est\u00e1n completando acabados interiores como los frontales de cocina, barandillas y techos de los pasillos. En el bloque 2 ya se est\u00e1n instalando las carpinter\u00edas, y en el bloque 3 se est\u00e1 trabajando en la colocaci\u00f3n de platos de ducha y alicatados. Un proyecto que <strong>entra en su recta final<\/strong> y que representa un modelo transformador de acceso a la vivienda.<\/p>\n<h3 data-start=\"1394\" data-end=\"1846\">Girona 009: 33 viviendas sostenibles en el barrio de Santa Eug\u00e8nia<\/h3>\n<figure id=\"attachment_17156\" aria-describedby=\"caption-attachment-17156\" style=\"width: 1852px\" class=\"wp-caption alignnone\"><img decoding=\"async\" class=\"size-full wp-image-17156\" src=\"https:\/\/omplim.cat\/wp-content\/uploads\/2025\/07\/girona.jpg\" alt=\"obra nova venda Girona\" width=\"1852\" height=\"1191\" \/><figcaption id=\"caption-attachment-17156\" class=\"wp-caption-text\">obra nova venda Girona<\/figcaption><\/figure>\n<p data-start=\"1920\" data-end=\"2439\"><span style=\"color: #3f5f9d;\"><a style=\"color: #3f5f9d;\" href=\"https:\/\/omplim.cat\/es\/promocions\/girona\/\"><strong>Girona 009<\/strong><\/a><\/span> es una promoci\u00f3n de <strong>33 viviendas<\/strong> distribuidas en 5 plantas en el barrio de Santa Eug\u00e8nia, a solo 500 metros del futuro Campus de Salud de la ciudad. Las obras empezaron en mayo de 2024 y actualmente se encuentran en una <strong>fase muy avanzada<\/strong>. Como en todos los proyectos que gestionamos, el componente ambiental juega un papel central: desde la elecci\u00f3n de materiales de bajo impacto y con ecoetiquetas, hasta la instalaci\u00f3n de sistemas de energ\u00eda renovable como la aerotermia y las placas solares fotovoltaicas.<\/p>\n<p data-start=\"2441\" data-end=\"3139\">Durante las \u00faltimas semanas, se han finalizado los pavimentos y alicatados de los ba\u00f1os, ha comenzado la instalaci\u00f3n de los muebles de cocina con materiales certificados y se est\u00e1n acabando de colocar los pavimentos laminados de madera y las puertas interiores. En las zonas comunes, ya se han alicatado los espacios y colocado las puertas de los rellanos. En cuanto a las instalaciones, avanzan a buen ritmo los trabajos de electricidad, climatizaci\u00f3n y ventilaci\u00f3n, tanto en las viviendas como en el aparcamiento. La cubierta ya est\u00e1 pavimentada y pr\u00f3ximamente se instalar\u00e1n las placas solares fotovoltaicas. El conjunto de la obra entra ahora en su etapa final, con repasos y acabados de detalle.<\/p>\n<h3 data-start=\"3141\" data-end=\"3203\">Arenys 036: vivienda en r\u00e9gimen de venta en Arenys de Munt<\/h3>\n<p><img decoding=\"async\" class=\"size-full wp-image-17165\" src=\"https:\/\/omplim.cat\/wp-content\/uploads\/2025\/07\/Arenys.jpg\" alt=\"obra nueva Arenys de Munt\" width=\"1852\" height=\"1191\" \/><\/p>\n<p data-start=\"3205\" data-end=\"3861\"><span style=\"color: #3f5f9d;\"><strong><a style=\"color: #3f5f9d;\" href=\"https:\/\/omplim.cat\/es\/promocions\/arenys\/\">Arenys 036<\/a><\/strong><\/span> es una promoci\u00f3n de <strong>24 viviendas<\/strong> distribuidas en cuatro plantas, con 24 plazas de aparcamiento en s\u00f3tano y preinstalaci\u00f3n para la carga de veh\u00edculos el\u00e9ctricos. El proyecto se encuentra en Arenys de Munt y las obras comenzaron en julio de 2024. Actualmente, se est\u00e1 <strong>finalizando la estructura del edificio<\/strong>. A pesar de las dificultades derivadas de las persistentes lluvias de esta primavera, la obra mantiene un ritmo constante y firme. Muy pronto se iniciar\u00e1n los trabajos de cerramientos, tabiquer\u00eda e instalaciones. Un proyecto que apuesta por sistemas constructivos m\u00e1s sostenibles y que se integra en la arquitectura tradicional del Maresme.<\/p>\n<p data-start=\"3863\" data-end=\"4069\">Aunque estemos cerrando el curso y aprovechemos para hacer balance, las obras de Girona 009, Arenys 036 y El Prat 011 no se detienen. Seguimos trabajando para poder entregar nuevos hogares lo antes posible.<\/p>\n<p data-start=\"923\" data-end=\"1392\">\n","protected":false},"excerpt":{"rendered":"<p>Con la llegada del final del curso 2024-2025, hacemos balance del estado de las tres promociones que, desde Omplim, gestionamos de forma integral. Los tres proyectos iniciaron obras durante el curso 2023\u20132024 y han alcanzado, cada uno a su ritmo y contexto, hitos importantes. Tanto en el caso del proyecto El Prat 011 \u2014vivienda cooperativa [&hellip;]<\/p>\n","protected":false},"author":1,"featured_media":17159,"comment_status":"open","ping_status":"open","sticky":false,"template":"","format":"standard","meta":{"_acf_changed":false,"content-type":"","_mo_disable_npp":"","footnotes":""},"categories":[119,58,68,63,57,64,65],"tags":[150,156,154,158,157,155],"class_list":["post-17161","post","type-post","status-publish","format-standard","has-post-thumbnail","hentry","category-analisis-tecnico-legal-y-economico","category-asequibilidad","category-bienestar","category-cadena-de-valor-justa","category-impacto-comunitario","category-inclusion","category-sostenibilidad-ambiental","tag-construccion-sostenible","tag-habitatge-de-proteccio-oficial","tag-obra-nueva","tag-obra-nueva-maresme","tag-vivienda-asequible","tag-vivienda-protegida"],"acf":[],"aioseo_notices":[],"aioseo_head":"\n\t\t<!-- All in One SEO 5.0.1.1 - aioseo.com -->\n\t<meta name=\"description\" content=\"Con la llegada del final del curso 2024-2025, hacemos balance del estado de las tres promociones que, desde Omplim, gestionamos de forma integral.\" \/>\n\t<meta name=\"robots\" content=\"max-image-preview:large\" \/>\n\t<meta name=\"author\" content=\"admin\"\/>\n\t<link rel=\"canonical\" href=\"https:\/\/omplim.cat\/es\/tres-obras-que-avanzan-a-buen-ritmo\/\" \/>\n\t<meta name=\"generator\" content=\"All in One SEO (AIOSEO) 5.0.1.1\" \/>\n\t\t<meta property=\"og:locale\" content=\"es_ES\" \/>\n\t\t<meta property=\"og:site_name\" content=\"Omplim | Gesti\u00f3 i edificaci\u00f3 responsable\" \/>\n\t\t<meta property=\"og:type\" content=\"article\" \/>\n\t\t<meta property=\"og:title\" content=\"Nuestras obras durante el curso 2024-2025 | Omplim\" \/>\n\t\t<meta property=\"og:description\" content=\"Con la llegada del final del curso 2024-2025, hacemos balance del estado de las tres promociones que, desde Omplim, gestionamos de forma integral.\" \/>\n\t\t<meta property=\"og:url\" content=\"https:\/\/omplim.cat\/es\/tres-obras-que-avanzan-a-buen-ritmo\/\" \/>\n\t\t<meta property=\"og:image\" content=\"https:\/\/omplim.cat\/wp-content\/uploads\/2022\/11\/cropped-Logo-Omplim-negre-1.png\" \/>\n\t\t<meta property=\"og:image:secure_url\" content=\"https:\/\/omplim.cat\/wp-content\/uploads\/2022\/11\/cropped-Logo-Omplim-negre-1.png\" \/>\n\t\t<meta property=\"og:image:width\" content=\"276\" \/>\n\t\t<meta property=\"og:image:height\" content=\"78\" \/>\n\t\t<meta property=\"article:published_time\" content=\"2025-07-08T11:42:46+00:00\" \/>\n\t\t<meta property=\"article:modified_time\" content=\"2025-07-08T11:59:08+00:00\" \/>\n\t\t<meta name=\"twitter:card\" content=\"summary_large_image\" \/>\n\t\t<meta name=\"twitter:title\" content=\"Nuestras obras durante el curso 2024-2025 | Omplim\" \/>\n\t\t<meta name=\"twitter:description\" content=\"Con la llegada del final del curso 2024-2025, hacemos balance del estado de las tres promociones que, desde Omplim, gestionamos de forma integral.\" \/>\n\t\t<meta name=\"twitter:image\" content=\"https:\/\/omplim.cat\/wp-content\/uploads\/2022\/11\/cropped-Logo-Omplim-negre-1.png\" \/>\n\t\t<script type=\"application\/ld+json\" class=\"aioseo-schema\">\n\t\t\t{\"@context\":\"https:\\\/\\\/schema.org\",\"@graph\":[{\"@type\":\"BlogPosting\",\"@id\":\"https:\\\/\\\/omplim.cat\\\/es\\\/tres-obras-que-avanzan-a-buen-ritmo\\\/#blogposting\",\"name\":\"Nuestras obras durante el curso 2024-2025 | Omplim\",\"headline\":\"Nuestras obras durante el curso 2024-2025\",\"author\":{\"@id\":\"https:\\\/\\\/omplim.cat\\\/es\\\/author\\\/admin\\\/#author\"},\"publisher\":{\"@id\":\"https:\\\/\\\/omplim.cat\\\/es\\\/#organization\"},\"image\":{\"@type\":\"ImageObject\",\"url\":\"https:\\\/\\\/omplim.cat\\\/wp-content\\\/uploads\\\/2025\\\/07\\\/update-obres-estiu.jpg\",\"width\":1056,\"height\":596,\"caption\":\"obra nova Arenys de Munt\"},\"datePublished\":\"2025-07-08T11:42:46+00:00\",\"dateModified\":\"2025-07-08T11:59:08+00:00\",\"inLanguage\":\"es-ES\",\"mainEntityOfPage\":{\"@id\":\"https:\\\/\\\/omplim.cat\\\/es\\\/tres-obras-que-avanzan-a-buen-ritmo\\\/#webpage\"},\"isPartOf\":{\"@id\":\"https:\\\/\\\/omplim.cat\\\/es\\\/tres-obras-que-avanzan-a-buen-ritmo\\\/#webpage\"},\"articleSection\":\"An\\u00e1lisis t\\u00e9cnico, legal y econ\\u00f3mico, Asequibilidad, Bienestar, Cadena de valor justa, Impacto comunitario, Inclusi\\u00f3n, Sostenibilidad ambiental, construcci\\u00f3n sostenible, habitatge de protecci\\u00f3 oficial, obra nueva, obra nueva Maresme, vivienda asequible, vivienda protegida\"},{\"@type\":\"BreadcrumbList\",\"@id\":\"https:\\\/\\\/omplim.cat\\\/es\\\/tres-obras-que-avanzan-a-buen-ritmo\\\/#breadcrumblist\",\"itemListElement\":[{\"@type\":\"ListItem\",\"@id\":\"https:\\\/\\\/omplim.cat\\\/es\\\/#listItem\",\"position\":1,\"name\":\"Home\",\"item\":\"https:\\\/\\\/omplim.cat\\\/es\\\/\",\"nextItem\":{\"@type\":\"ListItem\",\"@id\":\"https:\\\/\\\/omplim.cat\\\/es\\\/categoria\\\/impacto-comunitario\\\/#listItem\",\"name\":\"Impacto comunitario\"}},{\"@type\":\"ListItem\",\"@id\":\"https:\\\/\\\/omplim.cat\\\/es\\\/categoria\\\/impacto-comunitario\\\/#listItem\",\"position\":2,\"name\":\"Impacto comunitario\",\"item\":\"https:\\\/\\\/omplim.cat\\\/es\\\/categoria\\\/impacto-comunitario\\\/\",\"nextItem\":{\"@type\":\"ListItem\",\"@id\":\"https:\\\/\\\/omplim.cat\\\/es\\\/tres-obras-que-avanzan-a-buen-ritmo\\\/#listItem\",\"name\":\"Nuestras obras durante el curso 2024-2025\"},\"previousItem\":{\"@type\":\"ListItem\",\"@id\":\"https:\\\/\\\/omplim.cat\\\/es\\\/#listItem\",\"name\":\"Home\"}},{\"@type\":\"ListItem\",\"@id\":\"https:\\\/\\\/omplim.cat\\\/es\\\/tres-obras-que-avanzan-a-buen-ritmo\\\/#listItem\",\"position\":3,\"name\":\"Nuestras obras durante el curso 2024-2025\",\"previousItem\":{\"@type\":\"ListItem\",\"@id\":\"https:\\\/\\\/omplim.cat\\\/es\\\/categoria\\\/impacto-comunitario\\\/#listItem\",\"name\":\"Impacto comunitario\"}}]},{\"@type\":\"Organization\",\"@id\":\"https:\\\/\\\/omplim.cat\\\/es\\\/#organization\",\"name\":\"Omplim\",\"description\":\"Gesti\\u00f3 i edificaci\\u00f3 responsable\",\"url\":\"https:\\\/\\\/omplim.cat\\\/es\\\/\",\"logo\":{\"@type\":\"ImageObject\",\"url\":\"https:\\\/\\\/omplim.cat\\\/wp-content\\\/uploads\\\/2022\\\/11\\\/Logo-Omplim-negre.png\",\"@id\":\"https:\\\/\\\/omplim.cat\\\/es\\\/tres-obras-que-avanzan-a-buen-ritmo\\\/#organizationLogo\",\"width\":276,\"height\":78},\"image\":{\"@id\":\"https:\\\/\\\/omplim.cat\\\/es\\\/tres-obras-que-avanzan-a-buen-ritmo\\\/#organizationLogo\"}},{\"@type\":\"Person\",\"@id\":\"https:\\\/\\\/omplim.cat\\\/es\\\/author\\\/admin\\\/#author\",\"url\":\"https:\\\/\\\/omplim.cat\\\/es\\\/author\\\/admin\\\/\",\"name\":\"admin\"},{\"@type\":\"WebPage\",\"@id\":\"https:\\\/\\\/omplim.cat\\\/es\\\/tres-obras-que-avanzan-a-buen-ritmo\\\/#webpage\",\"url\":\"https:\\\/\\\/omplim.cat\\\/es\\\/tres-obras-que-avanzan-a-buen-ritmo\\\/\",\"name\":\"Nuestras obras durante el curso 2024-2025 | Omplim\",\"description\":\"Con la llegada del final del curso 2024-2025, hacemos balance del estado de las tres promociones que, desde Omplim, gestionamos de forma integral.\",\"inLanguage\":\"es-ES\",\"isPartOf\":{\"@id\":\"https:\\\/\\\/omplim.cat\\\/es\\\/#website\"},\"breadcrumb\":{\"@id\":\"https:\\\/\\\/omplim.cat\\\/es\\\/tres-obras-que-avanzan-a-buen-ritmo\\\/#breadcrumblist\"},\"author\":{\"@id\":\"https:\\\/\\\/omplim.cat\\\/es\\\/author\\\/admin\\\/#author\"},\"creator\":{\"@id\":\"https:\\\/\\\/omplim.cat\\\/es\\\/author\\\/admin\\\/#author\"},\"image\":{\"@type\":\"ImageObject\",\"url\":\"https:\\\/\\\/omplim.cat\\\/wp-content\\\/uploads\\\/2025\\\/07\\\/update-obres-estiu.jpg\",\"@id\":\"https:\\\/\\\/omplim.cat\\\/es\\\/tres-obras-que-avanzan-a-buen-ritmo\\\/#mainImage\",\"width\":1056,\"height\":596,\"caption\":\"obra nova Arenys de Munt\"},\"primaryImageOfPage\":{\"@id\":\"https:\\\/\\\/omplim.cat\\\/es\\\/tres-obras-que-avanzan-a-buen-ritmo\\\/#mainImage\"},\"datePublished\":\"2025-07-08T11:42:46+00:00\",\"dateModified\":\"2025-07-08T11:59:08+00:00\"},{\"@type\":\"WebSite\",\"@id\":\"https:\\\/\\\/omplim.cat\\\/es\\\/#website\",\"url\":\"https:\\\/\\\/omplim.cat\\\/es\\\/\",\"name\":\"Omplim\",\"description\":\"Gesti\\u00f3 i edificaci\\u00f3 responsable\",\"inLanguage\":\"es-ES\",\"publisher\":{\"@id\":\"https:\\\/\\\/omplim.cat\\\/es\\\/#organization\"}}]}\n\t\t<\/script>\n\t\t<!-- All in One SEO -->\n\n","aioseo_head_json":{"title":"Nuestras obras durante el curso 2024-2025 | Omplim","description":"Con la llegada del final del curso 2024-2025, hacemos balance del estado de las tres promociones que, desde Omplim, gestionamos de forma integral.","canonical_url":"https:\/\/omplim.cat\/es\/tres-obras-que-avanzan-a-buen-ritmo\/","robots":"max-image-preview:large","keywords":"","webmasterTools":{"miscellaneous":""},"schema":{"@context":"https:\/\/schema.org","@graph":[{"@type":"BlogPosting","@id":"https:\/\/omplim.cat\/es\/tres-obras-que-avanzan-a-buen-ritmo\/#blogposting","name":"Nuestras obras durante el curso 2024-2025 | Omplim","headline":"Nuestras obras durante el curso 2024-2025","author":{"@id":"https:\/\/omplim.cat\/es\/author\/admin\/#author"},"publisher":{"@id":"https:\/\/omplim.cat\/es\/#organization"},"image":{"@type":"ImageObject","url":"https:\/\/omplim.cat\/wp-content\/uploads\/2025\/07\/update-obres-estiu.jpg","width":1056,"height":596,"caption":"obra nova Arenys de Munt"},"datePublished":"2025-07-08T11:42:46+00:00","dateModified":"2025-07-08T11:59:08+00:00","inLanguage":"es-ES","mainEntityOfPage":{"@id":"https:\/\/omplim.cat\/es\/tres-obras-que-avanzan-a-buen-ritmo\/#webpage"},"isPartOf":{"@id":"https:\/\/omplim.cat\/es\/tres-obras-que-avanzan-a-buen-ritmo\/#webpage"},"articleSection":"An\u00e1lisis t\u00e9cnico, legal y econ\u00f3mico, Asequibilidad, Bienestar, Cadena de valor justa, Impacto comunitario, Inclusi\u00f3n, Sostenibilidad ambiental, construcci\u00f3n sostenible, habitatge de protecci\u00f3 oficial, obra nueva, obra nueva Maresme, vivienda asequible, vivienda protegida"},{"@type":"BreadcrumbList","@id":"https:\/\/omplim.cat\/es\/tres-obras-que-avanzan-a-buen-ritmo\/#breadcrumblist","itemListElement":[{"@type":"ListItem","@id":"https:\/\/omplim.cat\/es\/#listItem","position":1,"name":"Home","item":"https:\/\/omplim.cat\/es\/","nextItem":{"@type":"ListItem","@id":"https:\/\/omplim.cat\/es\/categoria\/impacto-comunitario\/#listItem","name":"Impacto comunitario"}},{"@type":"ListItem","@id":"https:\/\/omplim.cat\/es\/categoria\/impacto-comunitario\/#listItem","position":2,"name":"Impacto comunitario","item":"https:\/\/omplim.cat\/es\/categoria\/impacto-comunitario\/","nextItem":{"@type":"ListItem","@id":"https:\/\/omplim.cat\/es\/tres-obras-que-avanzan-a-buen-ritmo\/#listItem","name":"Nuestras obras durante el curso 2024-2025"},"previousItem":{"@type":"ListItem","@id":"https:\/\/omplim.cat\/es\/#listItem","name":"Home"}},{"@type":"ListItem","@id":"https:\/\/omplim.cat\/es\/tres-obras-que-avanzan-a-buen-ritmo\/#listItem","position":3,"name":"Nuestras obras durante el curso 2024-2025","previousItem":{"@type":"ListItem","@id":"https:\/\/omplim.cat\/es\/categoria\/impacto-comunitario\/#listItem","name":"Impacto comunitario"}}]},{"@type":"Organization","@id":"https:\/\/omplim.cat\/es\/#organization","name":"Omplim","description":"Gesti\u00f3 i edificaci\u00f3 responsable","url":"https:\/\/omplim.cat\/es\/","logo":{"@type":"ImageObject","url":"https:\/\/omplim.cat\/wp-content\/uploads\/2022\/11\/Logo-Omplim-negre.png","@id":"https:\/\/omplim.cat\/es\/tres-obras-que-avanzan-a-buen-ritmo\/#organizationLogo","width":276,"height":78},"image":{"@id":"https:\/\/omplim.cat\/es\/tres-obras-que-avanzan-a-buen-ritmo\/#organizationLogo"}},{"@type":"Person","@id":"https:\/\/omplim.cat\/es\/author\/admin\/#author","url":"https:\/\/omplim.cat\/es\/author\/admin\/","name":"admin"},{"@type":"WebPage","@id":"https:\/\/omplim.cat\/es\/tres-obras-que-avanzan-a-buen-ritmo\/#webpage","url":"https:\/\/omplim.cat\/es\/tres-obras-que-avanzan-a-buen-ritmo\/","name":"Nuestras obras durante el curso 2024-2025 | Omplim","description":"Con la llegada del final del curso 2024-2025, hacemos balance del estado de las tres promociones que, desde Omplim, gestionamos de forma integral.","inLanguage":"es-ES","isPartOf":{"@id":"https:\/\/omplim.cat\/es\/#website"},"breadcrumb":{"@id":"https:\/\/omplim.cat\/es\/tres-obras-que-avanzan-a-buen-ritmo\/#breadcrumblist"},"author":{"@id":"https:\/\/omplim.cat\/es\/author\/admin\/#author"},"creator":{"@id":"https:\/\/omplim.cat\/es\/author\/admin\/#author"},"image":{"@type":"ImageObject","url":"https:\/\/omplim.cat\/wp-content\/uploads\/2025\/07\/update-obres-estiu.jpg","@id":"https:\/\/omplim.cat\/es\/tres-obras-que-avanzan-a-buen-ritmo\/#mainImage","width":1056,"height":596,"caption":"obra nova Arenys de Munt"},"primaryImageOfPage":{"@id":"https:\/\/omplim.cat\/es\/tres-obras-que-avanzan-a-buen-ritmo\/#mainImage"},"datePublished":"2025-07-08T11:42:46+00:00","dateModified":"2025-07-08T11:59:08+00:00"},{"@type":"WebSite","@id":"https:\/\/omplim.cat\/es\/#website","url":"https:\/\/omplim.cat\/es\/","name":"Omplim","description":"Gesti\u00f3 i edificaci\u00f3 responsable","inLanguage":"es-ES","publisher":{"@id":"https:\/\/omplim.cat\/es\/#organization"}}]},"og:locale":"es_ES","og:site_name":"Omplim | Gesti\u00f3 i edificaci\u00f3 responsable","og:type":"article","og:title":"Nuestras obras durante el curso 2024-2025 | Omplim","og:description":"Con la llegada del final del curso 2024-2025, hacemos balance del estado de las tres promociones que, desde Omplim, gestionamos de forma integral.","og:url":"https:\/\/omplim.cat\/es\/tres-obras-que-avanzan-a-buen-ritmo\/","og:image":"https:\/\/omplim.cat\/wp-content\/uploads\/2022\/11\/cropped-Logo-Omplim-negre-1.png","og:image:secure_url":"https:\/\/omplim.cat\/wp-content\/uploads\/2022\/11\/cropped-Logo-Omplim-negre-1.png","og:image:width":276,"og:image:height":78,"article:published_time":"2025-07-08T11:42:46+00:00","article:modified_time":"2025-07-08T11:59:08+00:00","twitter:card":"summary_large_image","twitter:title":"Nuestras obras durante el curso 2024-2025 | Omplim","twitter:description":"Con la llegada del final del curso 2024-2025, hacemos balance del estado de las tres promociones que, desde Omplim, gestionamos de forma integral.","twitter:image":"https:\/\/omplim.cat\/wp-content\/uploads\/2022\/11\/cropped-Logo-Omplim-negre-1.png"},"aioseo_meta_data":{"post_id":"17161","title":null,"description":"Con la llegada del final del curso 2024-2025, hacemos balance del estado de las tres promociones que, desde Omplim, gestionamos de forma integral.","keywords":null,"keyphrases":{"focus":{"keyphrase":"","score":0,"analysis":{"keyphraseInTitle":{"score":0,"maxScore":9,"error":1}}},"additional":[]},"primary_term":null,"canonical_url":null,"og_title":null,"og_description":null,"og_object_type":"default","og_image_type":"default","og_image_url":null,"og_image_width":null,"og_image_height":null,"og_image_custom_url":null,"og_image_custom_fields":null,"og_video":"","og_custom_url":null,"og_article_section":null,"og_article_tags":null,"twitter_use_og":false,"twitter_card":"default","twitter_image_type":"default","twitter_image_url":null,"twitter_image_custom_url":null,"twitter_image_custom_fields":null,"twitter_title":null,"twitter_description":null,"schema":{"blockGraphs":[],"customGraphs":[],"default":{"data":{"Article":[],"Course":[],"Dataset":[],"FAQPage":[],"Movie":[],"Person":[],"Product":[],"ProductReview":[],"Car":[],"Recipe":[],"Service":[],"SoftwareApplication":[],"WebPage":[]},"graphName":"BlogPosting","isEnabled":true},"graphs":[]},"schema_type":"default","schema_type_options":null,"pillar_content":false,"robots_default":true,"robots_noindex":false,"robots_noarchive":false,"robots_nosnippet":false,"robots_nofollow":false,"robots_noimageindex":false,"robots_noodp":false,"robots_notranslate":false,"robots_max_snippet":"-1","robots_max_videopreview":"-1","robots_max_imagepreview":"large","priority":null,"frequency":"default","local_seo":null,"breadcrumb_settings":null,"limit_modified_date":false,"ai":null,"created":"2025-07-07 10:52:02","updated":"2025-07-25 12:33:24","seo_analyzer_scan_date":null,"focus_keyword":null,"additional_keywords":null,"truseo_locale":null},"aioseo_breadcrumb":"<div class=\"aioseo-breadcrumbs\"><span class=\"aioseo-breadcrumb\">\n\t\t\t<a href=\"https:\/\/omplim.cat\/es\/\" title=\"Home\">Home<\/a>\n\t\t<\/span><span class=\"aioseo-breadcrumb-separator\">&raquo;<\/span><span class=\"aioseo-breadcrumb\">\n\t\t\t<a href=\"https:\/\/omplim.cat\/es\/categoria\/impacto-comunitario\/\" title=\"Impacto comunitario\">Impacto comunitario<\/a>\n\t\t<\/span><span class=\"aioseo-breadcrumb-separator\">&raquo;<\/span><span class=\"aioseo-breadcrumb\">\n\t\t\tNuestras obras durante el curso 2024-2025\n\t\t<\/span><\/div>","aioseo_breadcrumb_json":[{"label":"Home","link":"https:\/\/omplim.cat\/es\/"},{"label":"Impacto comunitario","link":"https:\/\/omplim.cat\/es\/categoria\/impacto-comunitario\/"},{"label":"Nuestras obras durante el curso 2024-2025","link":"https:\/\/omplim.cat\/es\/tres-obras-que-avanzan-a-buen-ritmo\/"}],"_links":{"self":[{"href":"https:\/\/omplim.cat\/es\/wp-json\/wp\/v2\/posts\/17161","targetHints":{"allow":["GET"]}}],"collection":[{"href":"https:\/\/omplim.cat\/es\/wp-json\/wp\/v2\/posts"}],"about":[{"href":"https:\/\/omplim.cat\/es\/wp-json\/wp\/v2\/types\/post"}],"author":[{"embeddable":true,"href":"https:\/\/omplim.cat\/es\/wp-json\/wp\/v2\/users\/1"}],"replies":[{"embeddable":true,"href":"https:\/\/omplim.cat\/es\/wp-json\/wp\/v2\/comments?post=17161"}],"version-history":[{"count":0,"href":"https:\/\/omplim.cat\/es\/wp-json\/wp\/v2\/posts\/17161\/revisions"}],"wp:featuredmedia":[{"embeddable":true,"href":"https:\/\/omplim.cat\/es\/wp-json\/wp\/v2\/media\/17159"}],"wp:attachment":[{"href":"https:\/\/omplim.cat\/es\/wp-json\/wp\/v2\/media?parent=17161"}],"wp:term":[{"taxonomy":"category","embeddable":true,"href":"https:\/\/omplim.cat\/es\/wp-json\/wp\/v2\/categories?post=17161"},{"taxonomy":"post_tag","embeddable":true,"href":"https:\/\/omplim.cat\/es\/wp-json\/wp\/v2\/tags?post=17161"}],"curies":[{"name":"wp","href":"https:\/\/api.w.org\/{rel}","templated":true}]}}