{"id":15623,"date":"2024-12-04T13:12:47","date_gmt":"2024-12-04T13:12:47","guid":{"rendered":"https:\/\/omplim.cat\/girona-009-y-arenys-036-presentamos-nuestro-proposito\/"},"modified":"2025-06-25T09:22:08","modified_gmt":"2025-06-25T09:22:08","slug":"girona-009-y-arenys-036-presentamos-nuestro-proposito","status":"publish","type":"post","link":"https:\/\/omplim.cat\/es\/girona-009-y-arenys-036-presentamos-nuestro-proposito\/","title":{"rendered":"Girona 009 y Arenys 036: Presentamos nuestro prop\u00f3sito"},"content":{"rendered":"<p><span style=\"font-weight: 400;\">Entre septiembre y octubre, Omplim organiz\u00f3 los actos de presentaci\u00f3n de dos de sus <strong>promociones inmobiliarias actualmente en construcci\u00f3n: Girona 009 y Arenys 036<\/strong>. Estos eventos representaron una oportunidad fundamental para explicar, de manera presencial, nuestra forma de trabajar y c\u00f3mo materializamos nuestro prop\u00f3sito en cada proyecto que desarrollamos. <\/span><\/p>\n<p><span style=\"font-weight: 400;\">Durante cada presentaci\u00f3n, tuvimos la oportunidad de transmitir a los asistentes los valores que inspiran nuestro trabajo, enfocados en la sostenibilidad, la inclusi\u00f3n y la construcci\u00f3n de un hogar que respete tanto a las personas como al entorno. Girona 009 y Arenys 036 son proyectos que ejemplifican esta visi\u00f3n: <strong>viviendas resilientes concebidas para satisfacer las necesidades presentes y futuras<\/strong>, con soluciones que incorporan principios de <strong>sostenibilidad ambiental, social y econ\u00f3mica<\/strong>. <\/span><\/p>\n<p>&nbsp;<\/p>\n<h3>Girona 009<\/h3>\n<p><span style=\"font-weight: 400;\">El acto celebrado en Girona puso el foco en la construcci\u00f3n de un edificio de <strong>33 viviendas en el barrio de Santa Eug\u00e8nia<\/strong>. Jordi Casajoana analiz\u00f3 los desaf\u00edos del acceso a una vivienda y c\u00f3mo, desde Omplim, trabajamos para que nuestros proyectos sean <strong>sostenibles, asequibles, inclusivos y de calidad<\/strong>. Iv\u00e1n Mart\u00edn y Gerard Prunera, los arquitectos responsables, detallaron las caracter\u00edsticas t\u00e9cnicas del edificio.  <\/span><\/p>\n<p><span style=\"font-weight: 400;\">Akna M\u00e1rquez, consultora de sostenibilidad de Omplim, present\u00f3 nuestro <strong>\u00cdndice de Sostenibilidad<\/strong>. Explic\u00f3 c\u00f3mo, a trav\u00e9s de esta herramienta, evaluamos y aplicamos medidas para que nuestros proyectos respondan a nuestro prop\u00f3sito: <strong>transformar la manera de desarrollar promociones inmobiliarias<\/strong> para que sean sostenibles, asequibles, inclusivas y de calidad. Anna Subirana, de la <strong><span style=\"color: #3f5f9d;\"><a style=\"color: #3f5f9d;\" href=\"https:\/\/xcn.cat\/\" target=\"_blank\" rel=\"noopener\">Xarxa per la Conservaci\u00f3 de la Natura (XCN)<\/a><\/span><\/strong>, junto con Quim Pou y Iago P\u00e9rez, de <strong><span style=\"color: #3f5f9d;\"><a style=\"color: #3f5f9d;\" href=\"https:\/\/www.sorellona.org\/\" target=\"_blank\" rel=\"noopener\">La Sorellona<\/a><\/span><\/strong>, presentaron los <strong>proyectos de conservaci\u00f3n de la naturaleza vinculados a Girona 009<\/strong>. <\/span><\/p>\n<p>&nbsp;<\/p>\n<p><iframe title=\"YouTube video player\" src=\"https:\/\/www.youtube.com\/embed\/PaMJ7NkOfy4?si=z8HHc-3TH36YhpiB\" width=\"560\" height=\"315\" frameborder=\"0\" allowfullscreen=\"allowfullscreen\"><\/iframe><\/p>\n<p>&nbsp;<\/p>\n<h3>Arenys 036<\/h3>\n<p><span style=\"font-weight: 400;\">Durante la presentaci\u00f3n de Arenys 036, promoci\u00f3n de <strong>24 viviendas ubicada en Arenys de Munt<\/strong>, Jordi Casajoana y Akna M\u00e1rquez volvieron a destacar y detallar todas las medidas, decisiones y proyectos que, desde Omplim, implementamos en el dise\u00f1o, construcci\u00f3n y comercializaci\u00f3n de nuestros proyectos. El arquitecto de la promoci\u00f3n, Josep Maria Mir\u00f3, subray\u00f3 la <strong>integraci\u00f3n del edificio en el paisaje del Maresme<\/strong> y la elecci\u00f3n de un dise\u00f1o respetuoso con el entorno, un dise\u00f1o que se inspira en la arquitectura tradicional de la zona.  <\/span><\/p>\n<p><span style=\"font-weight: 400;\">En la presentaci\u00f3n, se detallaron los aspectos t\u00e9cnicos del proyecto, como los <strong>sistemas constructivos empleados<\/strong>, pensados para <strong>minimizar el impacto ambiental <\/strong>y optimizar el uso de recursos. Asimismo, se destac\u00f3 c\u00f3mo esta promoci\u00f3n refleja nuestro compromiso con una <strong>arquitectura que prioriza el bienestar de las personas<\/strong>. En relaci\u00f3n a los proyectos comunitarios, Anna Subirana de la XCN y Jordi Torallas de l&#8217;<strong><span style=\"color: #3f5f9d;\"><a style=\"color: #3f5f9d;\" href=\"https:\/\/www.natmont.cat\/\" target=\"_blank\" rel=\"noopener\">Associaci\u00f3 Naturalistes del Montnegre i la Tordera<\/a><\/span><\/strong>, expusieron las diversas <strong>acciones de conservaci\u00f3n de la naturaleza<\/strong> que se realizar\u00e1n en colaboraci\u00f3n con Omplim.   <\/span><\/p>\n<p>&nbsp;<\/p>\n<p><iframe title=\"YouTube video player\" src=\"https:\/\/www.youtube.com\/embed\/_T-NY_dz3qo?si=2UgEFaGfokijjZCR\" width=\"560\" height=\"315\" frameborder=\"0\" allowfullscreen=\"allowfullscreen\"><\/iframe><\/p>\n<p>&nbsp;<\/p>\n<p><span style=\"font-weight: 400;\">Estos actos de presentaci\u00f3n fueron mucho m\u00e1s que una simple explicaci\u00f3n t\u00e9cnica. Fueron una oportunidad para crear v\u00ednculos con las futuras personas residentes y agentes involucrados en cada promoci\u00f3n. Creemos firmemente que los hogares deben ir m\u00e1s all\u00e1 de ser espacios f\u00edsicos; deben ser lugares que reflejen valores y <strong>respondan a las necesidades cambiantes de la sociedad<\/strong>.  <\/span><\/p>\n<p><span style=\"font-weight: 400;\">En Omplim, alineamos todas nuestras acciones con nuestro prop\u00f3sito. A trav\u00e9s de estos encuentros, buscamos establecer un di\u00e1logo cercano con las personas que dar\u00e1n vida a nuestros proyectos y reafirmar que cada promoci\u00f3n es un paso decisivo hacia un <strong>futuro m\u00e1s sostenible, inclusivo y transformador<\/strong>. <\/span><\/p>\n<p><span style=\"font-weight: 400;\">Si te perdiste los eventos, no te preocupes. En nuestra web puedes descubrir todo sobre <a style=\"color: #3f5f9d;\" href=\"https:\/\/omplim.cat\/promocions\/girona009\/\" target=\"_blank\" rel=\"noopener\"><strong><span style=\"color: #3f5f9d;\">Girona 009<\/span><\/strong><\/a> y <span style=\"color: #3f5f9d;\"><strong><a style=\"color: #3f5f9d;\" href=\"https:\/\/omplim.cat\/promocions\/arenys-036\/\" target=\"_blank\" rel=\"noopener\">Arenys 036<\/a><\/strong><\/span>. \u00a1\u00danete a nuestra misi\u00f3n de <strong>desarrollar viviendas m\u00e1s sostenibles y centradas en las personas<\/strong>.<\/span><\/p>\n","protected":false},"excerpt":{"rendered":"<p>Entre septiembre y octubre, Omplim organiz\u00f3 los actos de presentaci\u00f3n de dos de sus promociones inmobiliarias actualmente en construcci\u00f3n: Girona 009 y Arenys 036. Estos eventos representaron una oportunidad fundamental para explicar, de manera presencial, nuestra forma de trabajar y c\u00f3mo materializamos nuestro prop\u00f3sito en cada proyecto que desarrollamos. Durante cada presentaci\u00f3n, tuvimos la oportunidad [&hellip;]<\/p>\n","protected":false},"author":1,"featured_media":15619,"comment_status":"open","ping_status":"open","sticky":false,"template":"","format":"standard","meta":{"_acf_changed":false,"content-type":"","_mo_disable_npp":"","footnotes":""},"categories":[58,68,63,64,65],"tags":[],"class_list":["post-15623","post","type-post","status-publish","format-standard","has-post-thumbnail","hentry","category-asequibilidad","category-bienestar","category-cadena-de-valor-justa","category-inclusion","category-sostenibilidad-ambiental"],"acf":[],"aioseo_notices":[],"aioseo_head":"\n\t\t<!-- All in One SEO 5.0.1.1 - aioseo.com -->\n\t<meta name=\"description\" content=\"Entre septiembre y octubre, Omplim organiz\u00f3 los actos de presentaci\u00f3n de dos de sus promociones inmobiliarias actualmente en construcci\u00f3n: Girona 009 y Arenys 036.\" \/>\n\t<meta name=\"robots\" content=\"max-image-preview:large\" \/>\n\t<meta name=\"author\" content=\"admin\"\/>\n\t<link rel=\"canonical\" href=\"https:\/\/omplim.cat\/es\/girona-009-y-arenys-036-presentamos-nuestro-proposito\/\" \/>\n\t<meta name=\"generator\" content=\"All in One SEO (AIOSEO) 5.0.1.1\" \/>\n\t\t<meta property=\"og:locale\" content=\"es_ES\" \/>\n\t\t<meta property=\"og:site_name\" content=\"Omplim | Gesti\u00f3 i edificaci\u00f3 responsable\" \/>\n\t\t<meta property=\"og:type\" content=\"article\" \/>\n\t\t<meta property=\"og:title\" content=\"Girona 009 y Arenys 036: Presentamos nuestro prop\u00f3sito\" \/>\n\t\t<meta property=\"og:description\" content=\"Entre septiembre y octubre, Omplim organiz\u00f3 los actos de presentaci\u00f3n de dos de sus promociones inmobiliarias actualmente en construcci\u00f3n: Girona 009 y Arenys 036.\" \/>\n\t\t<meta property=\"og:url\" content=\"https:\/\/omplim.cat\/es\/girona-009-y-arenys-036-presentamos-nuestro-proposito\/\" \/>\n\t\t<meta property=\"og:image\" content=\"https:\/\/omplim.cat\/wp-content\/uploads\/2022\/11\/cropped-Logo-Omplim-negre-1.png\" \/>\n\t\t<meta property=\"og:image:secure_url\" content=\"https:\/\/omplim.cat\/wp-content\/uploads\/2022\/11\/cropped-Logo-Omplim-negre-1.png\" \/>\n\t\t<meta property=\"og:image:width\" content=\"276\" \/>\n\t\t<meta property=\"og:image:height\" content=\"78\" \/>\n\t\t<meta property=\"article:published_time\" content=\"2024-12-04T13:12:47+00:00\" \/>\n\t\t<meta property=\"article:modified_time\" content=\"2025-06-25T09:22:08+00:00\" \/>\n\t\t<meta name=\"twitter:card\" content=\"summary_large_image\" \/>\n\t\t<meta name=\"twitter:title\" content=\"Girona 009 y Arenys 036: Presentamos nuestro prop\u00f3sito\" \/>\n\t\t<meta name=\"twitter:description\" content=\"Entre septiembre y octubre, Omplim organiz\u00f3 los actos de presentaci\u00f3n de dos de sus promociones inmobiliarias actualmente en construcci\u00f3n: Girona 009 y Arenys 036.\" \/>\n\t\t<meta name=\"twitter:image\" content=\"https:\/\/omplim.cat\/wp-content\/uploads\/2022\/11\/cropped-Logo-Omplim-negre-1.png\" \/>\n\t\t<script type=\"application\/ld+json\" class=\"aioseo-schema\">\n\t\t\t{\"@context\":\"https:\\\/\\\/schema.org\",\"@graph\":[{\"@type\":\"BlogPosting\",\"@id\":\"https:\\\/\\\/omplim.cat\\\/es\\\/girona-009-y-arenys-036-presentamos-nuestro-proposito\\\/#blogposting\",\"name\":\"Girona 009 y Arenys 036: Presentamos nuestro prop\\u00f3sito\",\"headline\":\"Girona 009 y Arenys 036: Presentamos nuestro prop\\u00f3sito\",\"author\":{\"@id\":\"https:\\\/\\\/omplim.cat\\\/es\\\/author\\\/admin\\\/#author\"},\"publisher\":{\"@id\":\"https:\\\/\\\/omplim.cat\\\/es\\\/#organization\"},\"image\":{\"@type\":\"ImageObject\",\"url\":\"https:\\\/\\\/omplim.cat\\\/wp-content\\\/uploads\\\/2024\\\/12\\\/actes-de-presentacio.png\",\"width\":1056,\"height\":596,\"caption\":\"promoci\\u00f3 immobili\\u00e0ria\"},\"datePublished\":\"2024-12-04T13:12:47+00:00\",\"dateModified\":\"2025-06-25T09:22:08+00:00\",\"inLanguage\":\"es-ES\",\"mainEntityOfPage\":{\"@id\":\"https:\\\/\\\/omplim.cat\\\/es\\\/girona-009-y-arenys-036-presentamos-nuestro-proposito\\\/#webpage\"},\"isPartOf\":{\"@id\":\"https:\\\/\\\/omplim.cat\\\/es\\\/girona-009-y-arenys-036-presentamos-nuestro-proposito\\\/#webpage\"},\"articleSection\":\"Asequibilidad, Bienestar, Cadena de valor justa, Inclusi\\u00f3n, Sostenibilidad ambiental, Opcional\"},{\"@type\":\"BreadcrumbList\",\"@id\":\"https:\\\/\\\/omplim.cat\\\/es\\\/girona-009-y-arenys-036-presentamos-nuestro-proposito\\\/#breadcrumblist\",\"itemListElement\":[{\"@type\":\"ListItem\",\"@id\":\"https:\\\/\\\/omplim.cat\\\/es\\\/#listItem\",\"position\":1,\"name\":\"Home\",\"item\":\"https:\\\/\\\/omplim.cat\\\/es\\\/\",\"nextItem\":{\"@type\":\"ListItem\",\"@id\":\"https:\\\/\\\/omplim.cat\\\/es\\\/categoria\\\/asequibilidad\\\/#listItem\",\"name\":\"Asequibilidad\"}},{\"@type\":\"ListItem\",\"@id\":\"https:\\\/\\\/omplim.cat\\\/es\\\/categoria\\\/asequibilidad\\\/#listItem\",\"position\":2,\"name\":\"Asequibilidad\",\"item\":\"https:\\\/\\\/omplim.cat\\\/es\\\/categoria\\\/asequibilidad\\\/\",\"nextItem\":{\"@type\":\"ListItem\",\"@id\":\"https:\\\/\\\/omplim.cat\\\/es\\\/girona-009-y-arenys-036-presentamos-nuestro-proposito\\\/#listItem\",\"name\":\"Girona 009 y Arenys 036: Presentamos nuestro prop\\u00f3sito\"},\"previousItem\":{\"@type\":\"ListItem\",\"@id\":\"https:\\\/\\\/omplim.cat\\\/es\\\/#listItem\",\"name\":\"Home\"}},{\"@type\":\"ListItem\",\"@id\":\"https:\\\/\\\/omplim.cat\\\/es\\\/girona-009-y-arenys-036-presentamos-nuestro-proposito\\\/#listItem\",\"position\":3,\"name\":\"Girona 009 y Arenys 036: Presentamos nuestro prop\\u00f3sito\",\"previousItem\":{\"@type\":\"ListItem\",\"@id\":\"https:\\\/\\\/omplim.cat\\\/es\\\/categoria\\\/asequibilidad\\\/#listItem\",\"name\":\"Asequibilidad\"}}]},{\"@type\":\"Organization\",\"@id\":\"https:\\\/\\\/omplim.cat\\\/es\\\/#organization\",\"name\":\"Omplim\",\"description\":\"Gesti\\u00f3 i edificaci\\u00f3 responsable\",\"url\":\"https:\\\/\\\/omplim.cat\\\/es\\\/\",\"logo\":{\"@type\":\"ImageObject\",\"url\":\"https:\\\/\\\/omplim.cat\\\/wp-content\\\/uploads\\\/2022\\\/11\\\/Logo-Omplim-negre.png\",\"@id\":\"https:\\\/\\\/omplim.cat\\\/es\\\/girona-009-y-arenys-036-presentamos-nuestro-proposito\\\/#organizationLogo\",\"width\":276,\"height\":78},\"image\":{\"@id\":\"https:\\\/\\\/omplim.cat\\\/es\\\/girona-009-y-arenys-036-presentamos-nuestro-proposito\\\/#organizationLogo\"}},{\"@type\":\"Person\",\"@id\":\"https:\\\/\\\/omplim.cat\\\/es\\\/author\\\/admin\\\/#author\",\"url\":\"https:\\\/\\\/omplim.cat\\\/es\\\/author\\\/admin\\\/\",\"name\":\"admin\"},{\"@type\":\"WebPage\",\"@id\":\"https:\\\/\\\/omplim.cat\\\/es\\\/girona-009-y-arenys-036-presentamos-nuestro-proposito\\\/#webpage\",\"url\":\"https:\\\/\\\/omplim.cat\\\/es\\\/girona-009-y-arenys-036-presentamos-nuestro-proposito\\\/\",\"name\":\"Girona 009 y Arenys 036: Presentamos nuestro prop\\u00f3sito\",\"description\":\"Entre septiembre y octubre, Omplim organiz\\u00f3 los actos de presentaci\\u00f3n de dos de sus promociones inmobiliarias actualmente en construcci\\u00f3n: Girona 009 y Arenys 036.\",\"inLanguage\":\"es-ES\",\"isPartOf\":{\"@id\":\"https:\\\/\\\/omplim.cat\\\/es\\\/#website\"},\"breadcrumb\":{\"@id\":\"https:\\\/\\\/omplim.cat\\\/es\\\/girona-009-y-arenys-036-presentamos-nuestro-proposito\\\/#breadcrumblist\"},\"author\":{\"@id\":\"https:\\\/\\\/omplim.cat\\\/es\\\/author\\\/admin\\\/#author\"},\"creator\":{\"@id\":\"https:\\\/\\\/omplim.cat\\\/es\\\/author\\\/admin\\\/#author\"},\"image\":{\"@type\":\"ImageObject\",\"url\":\"https:\\\/\\\/omplim.cat\\\/wp-content\\\/uploads\\\/2024\\\/12\\\/actes-de-presentacio.png\",\"@id\":\"https:\\\/\\\/omplim.cat\\\/es\\\/girona-009-y-arenys-036-presentamos-nuestro-proposito\\\/#mainImage\",\"width\":1056,\"height\":596,\"caption\":\"promoci\\u00f3 immobili\\u00e0ria\"},\"primaryImageOfPage\":{\"@id\":\"https:\\\/\\\/omplim.cat\\\/es\\\/girona-009-y-arenys-036-presentamos-nuestro-proposito\\\/#mainImage\"},\"datePublished\":\"2024-12-04T13:12:47+00:00\",\"dateModified\":\"2025-06-25T09:22:08+00:00\"},{\"@type\":\"WebSite\",\"@id\":\"https:\\\/\\\/omplim.cat\\\/es\\\/#website\",\"url\":\"https:\\\/\\\/omplim.cat\\\/es\\\/\",\"name\":\"Omplim\",\"description\":\"Gesti\\u00f3 i edificaci\\u00f3 responsable\",\"inLanguage\":\"es-ES\",\"publisher\":{\"@id\":\"https:\\\/\\\/omplim.cat\\\/es\\\/#organization\"}}]}\n\t\t<\/script>\n\t\t<!-- All in One SEO -->\n\n","aioseo_head_json":{"title":"Girona 009 y Arenys 036: Presentamos nuestro prop\u00f3sito","description":"Entre septiembre y octubre, Omplim organiz\u00f3 los actos de presentaci\u00f3n de dos de sus promociones inmobiliarias actualmente en construcci\u00f3n: Girona 009 y Arenys 036.","canonical_url":"https:\/\/omplim.cat\/es\/girona-009-y-arenys-036-presentamos-nuestro-proposito\/","robots":"max-image-preview:large","keywords":"","webmasterTools":{"miscellaneous":""},"schema":{"@context":"https:\/\/schema.org","@graph":[{"@type":"BlogPosting","@id":"https:\/\/omplim.cat\/es\/girona-009-y-arenys-036-presentamos-nuestro-proposito\/#blogposting","name":"Girona 009 y Arenys 036: Presentamos nuestro prop\u00f3sito","headline":"Girona 009 y Arenys 036: Presentamos nuestro prop\u00f3sito","author":{"@id":"https:\/\/omplim.cat\/es\/author\/admin\/#author"},"publisher":{"@id":"https:\/\/omplim.cat\/es\/#organization"},"image":{"@type":"ImageObject","url":"https:\/\/omplim.cat\/wp-content\/uploads\/2024\/12\/actes-de-presentacio.png","width":1056,"height":596,"caption":"promoci\u00f3 immobili\u00e0ria"},"datePublished":"2024-12-04T13:12:47+00:00","dateModified":"2025-06-25T09:22:08+00:00","inLanguage":"es-ES","mainEntityOfPage":{"@id":"https:\/\/omplim.cat\/es\/girona-009-y-arenys-036-presentamos-nuestro-proposito\/#webpage"},"isPartOf":{"@id":"https:\/\/omplim.cat\/es\/girona-009-y-arenys-036-presentamos-nuestro-proposito\/#webpage"},"articleSection":"Asequibilidad, Bienestar, Cadena de valor justa, Inclusi\u00f3n, Sostenibilidad ambiental, Opcional"},{"@type":"BreadcrumbList","@id":"https:\/\/omplim.cat\/es\/girona-009-y-arenys-036-presentamos-nuestro-proposito\/#breadcrumblist","itemListElement":[{"@type":"ListItem","@id":"https:\/\/omplim.cat\/es\/#listItem","position":1,"name":"Home","item":"https:\/\/omplim.cat\/es\/","nextItem":{"@type":"ListItem","@id":"https:\/\/omplim.cat\/es\/categoria\/asequibilidad\/#listItem","name":"Asequibilidad"}},{"@type":"ListItem","@id":"https:\/\/omplim.cat\/es\/categoria\/asequibilidad\/#listItem","position":2,"name":"Asequibilidad","item":"https:\/\/omplim.cat\/es\/categoria\/asequibilidad\/","nextItem":{"@type":"ListItem","@id":"https:\/\/omplim.cat\/es\/girona-009-y-arenys-036-presentamos-nuestro-proposito\/#listItem","name":"Girona 009 y Arenys 036: Presentamos nuestro prop\u00f3sito"},"previousItem":{"@type":"ListItem","@id":"https:\/\/omplim.cat\/es\/#listItem","name":"Home"}},{"@type":"ListItem","@id":"https:\/\/omplim.cat\/es\/girona-009-y-arenys-036-presentamos-nuestro-proposito\/#listItem","position":3,"name":"Girona 009 y Arenys 036: Presentamos nuestro prop\u00f3sito","previousItem":{"@type":"ListItem","@id":"https:\/\/omplim.cat\/es\/categoria\/asequibilidad\/#listItem","name":"Asequibilidad"}}]},{"@type":"Organization","@id":"https:\/\/omplim.cat\/es\/#organization","name":"Omplim","description":"Gesti\u00f3 i edificaci\u00f3 responsable","url":"https:\/\/omplim.cat\/es\/","logo":{"@type":"ImageObject","url":"https:\/\/omplim.cat\/wp-content\/uploads\/2022\/11\/Logo-Omplim-negre.png","@id":"https:\/\/omplim.cat\/es\/girona-009-y-arenys-036-presentamos-nuestro-proposito\/#organizationLogo","width":276,"height":78},"image":{"@id":"https:\/\/omplim.cat\/es\/girona-009-y-arenys-036-presentamos-nuestro-proposito\/#organizationLogo"}},{"@type":"Person","@id":"https:\/\/omplim.cat\/es\/author\/admin\/#author","url":"https:\/\/omplim.cat\/es\/author\/admin\/","name":"admin"},{"@type":"WebPage","@id":"https:\/\/omplim.cat\/es\/girona-009-y-arenys-036-presentamos-nuestro-proposito\/#webpage","url":"https:\/\/omplim.cat\/es\/girona-009-y-arenys-036-presentamos-nuestro-proposito\/","name":"Girona 009 y Arenys 036: Presentamos nuestro prop\u00f3sito","description":"Entre septiembre y octubre, Omplim organiz\u00f3 los actos de presentaci\u00f3n de dos de sus promociones inmobiliarias actualmente en construcci\u00f3n: Girona 009 y Arenys 036.","inLanguage":"es-ES","isPartOf":{"@id":"https:\/\/omplim.cat\/es\/#website"},"breadcrumb":{"@id":"https:\/\/omplim.cat\/es\/girona-009-y-arenys-036-presentamos-nuestro-proposito\/#breadcrumblist"},"author":{"@id":"https:\/\/omplim.cat\/es\/author\/admin\/#author"},"creator":{"@id":"https:\/\/omplim.cat\/es\/author\/admin\/#author"},"image":{"@type":"ImageObject","url":"https:\/\/omplim.cat\/wp-content\/uploads\/2024\/12\/actes-de-presentacio.png","@id":"https:\/\/omplim.cat\/es\/girona-009-y-arenys-036-presentamos-nuestro-proposito\/#mainImage","width":1056,"height":596,"caption":"promoci\u00f3 immobili\u00e0ria"},"primaryImageOfPage":{"@id":"https:\/\/omplim.cat\/es\/girona-009-y-arenys-036-presentamos-nuestro-proposito\/#mainImage"},"datePublished":"2024-12-04T13:12:47+00:00","dateModified":"2025-06-25T09:22:08+00:00"},{"@type":"WebSite","@id":"https:\/\/omplim.cat\/es\/#website","url":"https:\/\/omplim.cat\/es\/","name":"Omplim","description":"Gesti\u00f3 i edificaci\u00f3 responsable","inLanguage":"es-ES","publisher":{"@id":"https:\/\/omplim.cat\/es\/#organization"}}]},"og:locale":"es_ES","og:site_name":"Omplim | Gesti\u00f3 i edificaci\u00f3 responsable","og:type":"article","og:title":"Girona 009 y Arenys 036: Presentamos nuestro prop\u00f3sito","og:description":"Entre septiembre y octubre, Omplim organiz\u00f3 los actos de presentaci\u00f3n de dos de sus promociones inmobiliarias actualmente en construcci\u00f3n: Girona 009 y Arenys 036.","og:url":"https:\/\/omplim.cat\/es\/girona-009-y-arenys-036-presentamos-nuestro-proposito\/","og:image":"https:\/\/omplim.cat\/wp-content\/uploads\/2022\/11\/cropped-Logo-Omplim-negre-1.png","og:image:secure_url":"https:\/\/omplim.cat\/wp-content\/uploads\/2022\/11\/cropped-Logo-Omplim-negre-1.png","og:image:width":276,"og:image:height":78,"article:published_time":"2024-12-04T13:12:47+00:00","article:modified_time":"2025-06-25T09:22:08+00:00","twitter:card":"summary_large_image","twitter:title":"Girona 009 y Arenys 036: Presentamos nuestro prop\u00f3sito","twitter:description":"Entre septiembre y octubre, Omplim organiz\u00f3 los actos de presentaci\u00f3n de dos de sus promociones inmobiliarias actualmente en construcci\u00f3n: Girona 009 y Arenys 036.","twitter:image":"https:\/\/omplim.cat\/wp-content\/uploads\/2022\/11\/cropped-Logo-Omplim-negre-1.png"},"aioseo_meta_data":{"post_id":"15623","title":"Girona 009 y Arenys 036: Presentamos nuestro prop\u00f3sito","description":"Entre septiembre y octubre, Omplim organiz\u00f3 los actos de presentaci\u00f3n de dos de sus promociones inmobiliarias actualmente en construcci\u00f3n: Girona 009 y Arenys 036.","keywords":null,"keyphrases":{"focus":{"keyphrase":"","score":0,"analysis":{"keyphraseInTitle":{"score":0,"maxScore":9,"error":1}}},"additional":[]},"primary_term":null,"canonical_url":null,"og_title":null,"og_description":null,"og_object_type":"default","og_image_type":"default","og_image_url":null,"og_image_width":null,"og_image_height":null,"og_image_custom_url":null,"og_image_custom_fields":null,"og_video":"","og_custom_url":null,"og_article_section":null,"og_article_tags":null,"twitter_use_og":false,"twitter_card":"default","twitter_image_type":"default","twitter_image_url":null,"twitter_image_custom_url":null,"twitter_image_custom_fields":null,"twitter_title":null,"twitter_description":null,"schema":{"blockGraphs":[],"customGraphs":[],"default":{"data":{"Article":[],"Course":[],"Dataset":[],"FAQPage":[],"Movie":[],"Person":[],"Product":[],"ProductReview":[],"Car":[],"Recipe":[],"Service":[],"SoftwareApplication":[],"WebPage":[]},"graphName":"BlogPosting","isEnabled":true},"graphs":[]},"schema_type":"default","schema_type_options":null,"pillar_content":false,"robots_default":true,"robots_noindex":false,"robots_noarchive":false,"robots_nosnippet":false,"robots_nofollow":false,"robots_noimageindex":false,"robots_noodp":false,"robots_notranslate":false,"robots_max_snippet":"-1","robots_max_videopreview":"-1","robots_max_imagepreview":"large","priority":null,"frequency":"default","local_seo":null,"breadcrumb_settings":null,"limit_modified_date":false,"ai":null,"created":"2024-12-05 12:38:27","updated":"2025-07-25 12:32:25","seo_analyzer_scan_date":null,"focus_keyword":null,"additional_keywords":null,"truseo_locale":null},"aioseo_breadcrumb":"<div class=\"aioseo-breadcrumbs\"><span class=\"aioseo-breadcrumb\">\n\t\t\t<a href=\"https:\/\/omplim.cat\/es\/\" title=\"Home\">Home<\/a>\n\t\t<\/span><span class=\"aioseo-breadcrumb-separator\">&raquo;<\/span><span class=\"aioseo-breadcrumb\">\n\t\t\t<a href=\"https:\/\/omplim.cat\/es\/categoria\/asequibilidad\/\" title=\"Asequibilidad\">Asequibilidad<\/a>\n\t\t<\/span><span class=\"aioseo-breadcrumb-separator\">&raquo;<\/span><span class=\"aioseo-breadcrumb\">\n\t\t\tGirona 009 y Arenys 036: Presentamos nuestro prop\u00f3sito\n\t\t<\/span><\/div>","aioseo_breadcrumb_json":[{"label":"Home","link":"https:\/\/omplim.cat\/es\/"},{"label":"Asequibilidad","link":"https:\/\/omplim.cat\/es\/categoria\/asequibilidad\/"},{"label":"Girona 009 y Arenys 036: Presentamos nuestro prop\u00f3sito","link":"https:\/\/omplim.cat\/es\/girona-009-y-arenys-036-presentamos-nuestro-proposito\/"}],"_links":{"self":[{"href":"https:\/\/omplim.cat\/es\/wp-json\/wp\/v2\/posts\/15623","targetHints":{"allow":["GET"]}}],"collection":[{"href":"https:\/\/omplim.cat\/es\/wp-json\/wp\/v2\/posts"}],"about":[{"href":"https:\/\/omplim.cat\/es\/wp-json\/wp\/v2\/types\/post"}],"author":[{"embeddable":true,"href":"https:\/\/omplim.cat\/es\/wp-json\/wp\/v2\/users\/1"}],"replies":[{"embeddable":true,"href":"https:\/\/omplim.cat\/es\/wp-json\/wp\/v2\/comments?post=15623"}],"version-history":[{"count":0,"href":"https:\/\/omplim.cat\/es\/wp-json\/wp\/v2\/posts\/15623\/revisions"}],"wp:featuredmedia":[{"embeddable":true,"href":"https:\/\/omplim.cat\/es\/wp-json\/wp\/v2\/media\/15619"}],"wp:attachment":[{"href":"https:\/\/omplim.cat\/es\/wp-json\/wp\/v2\/media?parent=15623"}],"wp:term":[{"taxonomy":"category","embeddable":true,"href":"https:\/\/omplim.cat\/es\/wp-json\/wp\/v2\/categories?post=15623"},{"taxonomy":"post_tag","embeddable":true,"href":"https:\/\/omplim.cat\/es\/wp-json\/wp\/v2\/tags?post=15623"}],"curies":[{"name":"wp","href":"https:\/\/api.w.org\/{rel}","templated":true}]}}