{"id":15479,"date":"2024-06-19T09:55:08","date_gmt":"2024-06-19T09:55:08","guid":{"rendered":"https:\/\/omplim.cat\/conservacion-de-la-naturaleza-y-sensibilizacion-ciudadana\/"},"modified":"2025-06-25T09:23:30","modified_gmt":"2025-06-25T09:23:30","slug":"conservacion-de-la-naturaleza-y-sensibilizacion-ciudadana","status":"publish","type":"post","link":"https:\/\/omplim.cat\/es\/conservacion-de-la-naturaleza-y-sensibilizacion-ciudadana\/","title":{"rendered":"Conservaci\u00f3n de la naturaleza y sensibilizaci\u00f3n ciudadana"},"content":{"rendered":"<h3>\u00a1Los dos primeros proyectos comunitarios del <strong>Prat 011<\/strong> ya han acabado las tareas planificadas! Con la ayuda de la <strong>XCN<\/strong>, dos entidades miembros de la entidad \u2014la <strong>Societat Catalana d\u2019Herpetologia<\/strong> (SCH) y <strong>SEOBirdLife<\/strong>\u2014 han llevado a cabo dos fant\u00e1sticos proyectos que ten\u00edan el objetivo de impactar positivamente en la biodiversidad local y en la concienciaci\u00f3n ambiental de la comunidad. \u00a1Te explicamos m\u00e1s!<\/h3>\n<p>&nbsp;<\/p>\n<h3><strong>Cuidamos los anfibios del Delta del Llobregat con la SCH<\/strong><\/h3>\n<p>El proyecto con la <strong><span style=\"color: #455f98;\"><a style=\"color: #455f98;\" href=\"https:\/\/soccatherp.org\/\" target=\"_blank\" rel=\"noopener\">SCH<\/a><\/span><\/strong> ha tenido como objetivo principal la construcci\u00f3n de una balsa temporaria para anfibios en el<strong>Espai Natural del Riu Cal Tet del Delta de Llobregat<\/strong> y la creaci\u00f3n de refugios por este grupo de fauna a trav\u00e9s de <strong>jornadas de voluntariado<\/strong> donde participaron miembros de la COV \u2014entidad promotora del <span style=\"color: #455f98;\"><a style=\"color: #455f98;\" href=\"https:\/\/omplim.cat\/promocions\/el-prat-011\/\" target=\"_blank\" rel=\"noopener\"><strong>El Prat 011<\/strong><\/a><\/span>\u2014.<\/p>\n<p>En la primera jornada de voluntariado se llev\u00f3 a cabo la balsa temporal. Esta tiene como objetivo <strong>mejorar los h\u00e1bitats<\/strong> para especies como el sapo corredor, el partero y la rana<a> verde. En u<\/a>na segunda jornada de voluntariado, se <strong>construyeron los refugios para<\/strong> proporcionar <strong>protecci\u00f3n a anfibios y otra fauna local<\/strong>. Esta actuaci\u00f3n se realiz\u00f3 en colaboraci\u00f3n con el <span style=\"color: #455f98;\"><a style=\"color: #455f98;\" href=\"http:\/\/www.deltallobregat.cat\/40648680286\/home\/\" target=\"_blank\" rel=\"noopener\"><strong>Consorci per a la Protecci\u00f3 i Gesti\u00f3 dels Espais Naturals del Delta de Llobregat<\/strong><\/a><\/span>.<\/p>\n<p>Y la \u00faltima acci\u00f3n que se llev\u00f3 a cabo, fue una <strong>jornada de sensibilizaci\u00f3n<\/strong>, no no solo en cuanto a la <strong>conservaci\u00f3n de los anfibios<\/strong>, sino que se hizo \u00e9nfasis en la importancia de entender la <strong>biolog\u00eda y ecolog\u00eda<\/strong> de estos animales con los cuales convivimos. \u00bfY c\u00f3mo se hizo? La SCH imparti\u00f3 un curso y una excursi\u00f3n que recorr\u00eda varios puntos de <strong>agua del Delta del Llobregat<\/strong>. Se pudieron observar algunas especies de <strong>anfibios y reptiles<\/strong> de la zona, y poner en pr\u00e1ctica las herramientas y claves para su identificaci\u00f3n. Gracias a la extensa experiencia de la SCH y la participaci\u00f3n activa de vecinos y vecinas del Prat, la jornada fue muy exitosa!<\/p>\n<p>&nbsp;<\/p>\n<p><img fetchpriority=\"high\" decoding=\"async\" class=\"size-full wp-image-15453\" src=\"https:\/\/omplim.cat\/wp-content\/uploads\/2024\/06\/SCH.png\" alt=\"voluntariado El Prat\" width=\"2048\" height=\"483\" \/><\/p>\n<h3><\/h3>\n<h3><\/h3>\n<h3><strong>Biodiversidad en los patios escolares con SEOBirdLife<\/strong><\/h3>\n<p>El objetivo principal de <span style=\"color: #455f98;\"><strong><a style=\"color: #455f98;\" href=\"https:\/\/seo.org\/catalunya\/\" target=\"_blank\" rel=\"noopener\">SEOBirdLife<\/a><\/strong><\/span> con los proyectos comunitarios del Prat, ha estado fomentar la <strong>biodiversidad en los patios escolares<\/strong> y sensibilizar la juventud para incentivar actitudes que <strong>minimicen los efectos del cambio clim\u00e1tico<\/strong>.<\/p>\n<p>Este proyecto ha sido implementado en dos <strong>escuelas del Prat de Llobregat <\/strong> con el prop\u00f3sito de promover la <strong>biodiversidad urbana<\/strong> e involucrar a la <strong>comunidad educativa en la preservaci\u00f3n de la naturaleza<\/strong>. Con este objetivo en mente, SEOBirdLife organiz\u00f3 una serie de jornadas y talleres dirigidos a los alumnos de los institutos <strong>INS Baldiri Guilera<\/strong> y el <strong>INS de l&#8217;Estany de la Ricarda<\/strong> para definir las acciones a realizar en los <strong>patios de los centros educativos<\/strong> y a su vez, se llevaron a cabo estudios para identificar y cuantificar la <strong>fauna y flora<\/strong> existentes en estos espacios. El objetivo principal de estos diagn\u00f3sticos era elaborar un documento base que sirviera para dise\u00f1ar los cambios necesarios en los espacios escolares, teniendo en cuenta las <strong>necesidades sociales y ambientales<\/strong> detectadas por toda la <strong>comunidad educativa<\/strong>. En el Instituto Baldiri Guilera, se entrevistaron 337 alumnos, 50 profesores y profesoras, y 108 familias. En el Instituto Estany de la Ricarda, se entrevistaron 199 alumnos, 14 miembros del profesorado y 74 familias. Adem\u00e1s, SEOBirdLife llev\u00f3 a cabo <strong>din\u00e1micas grupales<\/strong>, observaciones de las actividades realizadas en el al patio y un <strong> diagn\u00f3stico de la biodiversidad <\/strong>existente en estos espacios.<\/p>\n<p>En cuanto al uso del patio, la tangente m\u00e1s social del estudio, los resultados revelaron din\u00e1micas que no ayudaban a hacer que la zona de recreo fuera un espacio completamente <strong>diverso e inclusivo <\/strong> y, por lo tanto, las propuestas fueron encaminadas en <strong>desegregar<\/strong> y buscar actividades m\u00e1s <strong>inclusivas<\/strong> para todo el alumnado.<\/p>\n<p>La diagnosis de la <strong>biodiversidad en los patios<\/strong> contabiliz\u00f3 la cantidad, variedad y localizaci\u00f3n de \u00e1rboles y arbustos, as\u00ed como la presencia de p\u00e1jaros y otros insectos, incluyendo polinizadores. Tambi\u00e9n se identificaron <strong>elementos que favorecen la biodiversidad<\/strong>, como hoteles de insectos, cajas nidos, jardineras, huertos, plantas arom\u00e1ticas, comedores para p\u00e1jaros, balsas o la proximidad de parques que puedan enriquecer el ecosistema de los patios escolares. Adem\u00e1s, se investig\u00f3 la relaci\u00f3n entre el alumnado, el profesorado y las familias con la naturaleza, sus interacciones y la voluntad de relacionarse m\u00e1s con el entorno natural.<\/p>\n<p>A partir de la recogida de todos estos datos, se hicieron varias propuestas para mejorar los <strong>espacios escolares<\/strong>, con el objetivo de crear entornos m\u00e1s diversos e inclusivos, que permitan una mayor variedad de actividades y fomenten una mejor <strong>convivencia con la naturaleza<\/strong>.<\/p>\n<ul>\n<li><strong>INS Baldiri Guilera<\/strong>: En este instituto se delimit\u00f3 un espacio relacional y de aprendizaje en el patio escolar, plantando <strong>eespecies arom\u00e1ticas<\/strong> para favorecer la presencia de <strong>polinizadores<\/strong>. Esta iniciativa se realiz\u00f3 con la participaci\u00f3n activa del alumnado, creando un entorno educativo que sit\u00faa en el centro la <strong> sostenibilidad de la biodiversidad<\/strong>.<\/li>\n<li><strong>INS l\u2019Estany de la Ricarda<\/strong>: Siguiendo la misma estrategia, se realizaron actividade de <strong>diagn\u00f3stico natural<\/strong> con el alumnado para identificar la <strong>flora del patio escolar<\/strong>, planificando as\u00ed futuras acciones para mejorar el entorno.<\/li>\n<\/ul>\n<p>&nbsp;<\/p>\n<p>Los resultados de ambos proyectos han estado extraordinariamente positivos. En el <strong>\u00e1mbito ambiental<\/strong>, se ha conseguido la creaci\u00f3n de aut\u00e9nticas <strong>reservas de vegetaci\u00f3n<\/strong> que no solo ayudan a mitigar los <strong>efectos adversos del cambio clim\u00e1tico<\/strong>, sino que tambi\u00e9n promueven y enriquecen la <strong>biodiversidad urbana<\/strong>. Estos <strong>espacios verdes<\/strong> se convierten en <strong>refugios vitales<\/strong> para numerosas especies, contribuyendo a un <strong>ecosistema m\u00e1s equilibrado y sostenible<\/strong> dentro del entorno escolar.<\/p>\n<p>En el <strong>\u00e1mbito social<\/strong>, la activa participaci\u00f3n de la <strong>comunidad educativa<\/strong> ha fomentado una conexi\u00f3n m\u00e1s profunda entre esta y la naturaleza. Este v\u00ednculo reforzado no solo sensibiliza al alumnado sobre la importancia de la <strong>conservaci\u00f3n del medio ambiente<\/strong>, sino que tambi\u00e9n les ofrece un innovador espacio de <strong>aprendizaje y socializaci\u00f3n fuera de las aulas<\/strong>. Estos entornos naturales proporcionan la oportunidad de aprender de manera experiencial, desarrollando habilidades pr\u00e1cticas y un aprecio genuino por el mundo natural que los rodea.<\/p>\n<p>&nbsp;<\/p>\n<p><img decoding=\"async\" class=\"size-full wp-image-15450\" src=\"https:\/\/omplim.cat\/wp-content\/uploads\/2024\/06\/INS-Baldiri-i-Guilera-2.png\" alt=\"Escuelas verdes el prat\" width=\"2048\" height=\"483\" \/><\/p>\n<p>&nbsp;<\/p>\n<p>Si quer\u00e9is saber m\u00e1s sobre las tres entidades que han vehiculado estos proyectos, no dud\u00e9is en visitar sus webs y redes. \u00a1Quiz\u00e1s os anim\u00e1is a formar parte del voluntariado!<\/p>\n<p><a href=\"https:\/\/soccatherp.org\/\" target=\"_blank\" rel=\"noopener\"><span style=\"color: #455f98;\"><strong>SCH<\/strong><\/span><\/a> | <a href=\"https:\/\/seo.org\/catalunya\/\" target=\"_blank\" rel=\"noopener\"><strong><span style=\"color: #455f98;\">SEOBirdLife<\/span><\/strong><\/a> | <span style=\"color: #3f5f9d;\"><strong><a style=\"color: #3f5f9d;\" href=\"https:\/\/xcn.cat\/\" target=\"_blank\" rel=\"noopener\">XCN<\/a><\/strong><\/span><\/p>\n<p>&nbsp;<\/p>\n","protected":false},"excerpt":{"rendered":"<p>\u00a1Los dos primeros proyectos comunitarios del Prat 011 ya han acabado las tareas planificadas! Con la ayuda de la XCN, dos entidades miembros de la entidad \u2014la Societat Catalana d\u2019Herpetologia (SCH) y SEOBirdLife\u2014 han llevado a cabo dos fant\u00e1sticos proyectos que ten\u00edan el objetivo de impactar positivamente en la biodiversidad local y en la concienciaci\u00f3n [&hellip;]<\/p>\n","protected":false},"author":1,"featured_media":15466,"comment_status":"open","ping_status":"open","sticky":false,"template":"","format":"standard","meta":{"_acf_changed":false,"_mo_disable_npp":"","footnotes":""},"categories":[57,65],"tags":[],"class_list":["post-15479","post","type-post","status-publish","format-standard","has-post-thumbnail","hentry","category-impacto-comunitario","category-sostenibilidad-ambiental"],"acf":[],"aioseo_notices":[],"_links":{"self":[{"href":"https:\/\/omplim.cat\/es\/wp-json\/wp\/v2\/posts\/15479","targetHints":{"allow":["GET"]}}],"collection":[{"href":"https:\/\/omplim.cat\/es\/wp-json\/wp\/v2\/posts"}],"about":[{"href":"https:\/\/omplim.cat\/es\/wp-json\/wp\/v2\/types\/post"}],"author":[{"embeddable":true,"href":"https:\/\/omplim.cat\/es\/wp-json\/wp\/v2\/users\/1"}],"replies":[{"embeddable":true,"href":"https:\/\/omplim.cat\/es\/wp-json\/wp\/v2\/comments?post=15479"}],"version-history":[{"count":0,"href":"https:\/\/omplim.cat\/es\/wp-json\/wp\/v2\/posts\/15479\/revisions"}],"wp:featuredmedia":[{"embeddable":true,"href":"https:\/\/omplim.cat\/es\/wp-json\/wp\/v2\/media\/15466"}],"wp:attachment":[{"href":"https:\/\/omplim.cat\/es\/wp-json\/wp\/v2\/media?parent=15479"}],"wp:term":[{"taxonomy":"category","embeddable":true,"href":"https:\/\/omplim.cat\/es\/wp-json\/wp\/v2\/categories?post=15479"},{"taxonomy":"post_tag","embeddable":true,"href":"https:\/\/omplim.cat\/es\/wp-json\/wp\/v2\/tags?post=15479"}],"curies":[{"name":"wp","href":"https:\/\/api.w.org\/{rel}","templated":true}]}}