{"id":14215,"date":"2023-03-31T14:08:46","date_gmt":"2023-03-31T14:08:46","guid":{"rendered":"https:\/\/omplim.cat\/la-flexibilidad-y-la-mirada-de-genero-en-la-vivienda\/"},"modified":"2023-05-19T15:57:16","modified_gmt":"2023-05-19T15:57:16","slug":"la-flexibilidad-y-la-mirada-de-genero-en-la-vivienda","status":"publish","type":"post","link":"https:\/\/omplim.cat\/es\/la-flexibilidad-y-la-mirada-de-genero-en-la-vivienda\/","title":{"rendered":"La flexibilidad y la mirada de g\u00e9nero en la vivienda"},"content":{"rendered":"<h3 style=\"padding-left: 40px;\"><span style=\"font-weight: 400;\">&#8220;La flexibilidad y la mirada de g\u00e9nero en la vivienda comportan una <strong>planificaci\u00f3n m\u00e1s equitativa del espacio<\/strong>, que desdibuje los roles de privilegio, colectivice y haga visibles las tareas dom\u00e9sticas y que posibilite la transformaci\u00f3n de los espacios seg\u00fan las necesidades de la unidad de convivencia en cada momento.&#8221;<\/span><\/h3>\n<h3><\/h3>\n<p>&nbsp;<\/p>\n<h5><span style=\"font-weight: 400;\">La <strong>vivienda<\/strong> es uno de los pilares fundamentales cuando hablamos de <strong>inclusi\u00f3n social<\/strong>, ya que nos posibilita el mantenimiento de la vida y los cuidados de personas; y a la vez, impacta directamente en derechos esenciales como la <strong>educaci\u00f3n, el trabajo, la salud o la participaci\u00f3n pol\u00edtica i social<\/strong>. Como la sociedad, las culturas y las comunidades; la manera de pensar la vivienda debe encontrarse en constante cambio y evoluci\u00f3n para responder a las realidades contempor\u00e1neas. <\/span><\/h5>\n<p>&nbsp;<\/p>\n<p><span style=\"font-weight: 400;\">La manera en como la vivienda ha estado ideada es fruto de una realidad sociocultural que ha impedido que esta sea neutra. Ha estado tradicionalmente marcada por las estructuras de poder vigentes que han perpetuado relaciones de privilegio entre las personas habitantes de un mismo hogar. La inamovible conceptualizaci\u00f3n de la vivienda esculpida por la familia heteronormativa con descendencia, donde la naturaleza del espacio marca situaciones de desequilibrio que desencadenan en usos jer\u00e1rquicos; dificulta el uso de la vivienda para nuevos modelos familiares, nuevas maneras de covivienda y su evoluci\u00f3n. <\/span><\/p>\n<p><span style=\"font-weight: 400;\">Dormitorios principales sobredimensionados respecto al resto y con mejores condiciones, ba\u00f1os en suite limitados a los usuarios de la habitaci\u00f3n principal, espacios de cocina y lavander\u00eda aislados que perpet\u00faan la invisibilizaci\u00f3n de dichas tareas para habitantes pasivos, estancias destinadas a otras tareas dom\u00e9sticas dimensionadas para una sola persona; la tendencia a individualizar, a trav\u00e9s del espacio, actividades que han estado tradicionalmente colectivas, entre otras, son rasgos caracter\u00edsticos de viviendas jerarquizadas.<\/span><\/p>\n<p>&nbsp;<\/p>\n<h3><strong>Viviendas flexibles y con mirada de g\u00e9nero<\/strong><\/h3>\n<p><span style=\"font-weight: 400;\">La <strong>flexibilidad en la vivienda<\/strong> es un planteamiento que quiere romper con el inmovilismo que, a\u00fan hoy, forma parte de la gran mayor\u00eda del parque residencial existente. Por tanto, la flexibilidad comporta una <strong>planificaci\u00f3n m\u00e1s equitativa del espacio<\/strong>, que desdibuje los roles de privilegio, colectivice y haga visibles las tareas dom\u00e9sticas y que posibilite la transformaci\u00f3n de los espacios seg\u00fan las necesidades de la unidad de convivencia en cada momento. Podemos decir, entonces, que para obtener un<strong> hogar flexible<\/strong>, este debe poder ser modificable f\u00edsicamente para que ofrezca configuraciones diferentes, dependiendo de las necesidades de cada grupo de convivencia. Si en esta conceptualizaci\u00f3n a\u00f1adimos la <strong>mirada de g\u00e9nero<\/strong>, podremos detectar que este desequilibrio de <strong>privilegio en el uso de la vivienda<\/strong>, est\u00e1 tambi\u00e9n claramente marcado por el sexo de la persona usuaria, haciendo evidentes jerarqu\u00edas atribuidas socialmente a hombres y mujeres dentro de la familia nuclear tradicional. <\/span><\/p>\n<p>&nbsp;<\/p>\n<p><span style=\"font-weight: 400;\">Si desde la fase de dise\u00f1o de las viviendas tenemos en cuenta la b\u00fasqueda de la flexibilidad y la mirada de g\u00e9nero, nos encontramos con dos m\u00ednimos a aplicar: la m\u00e1xima <strong>polivalencia de los espacios<\/strong> de la vivienda &#8211; evitando as\u00ed la <strong>singularizaci\u00f3n y compartimentaci\u00f3n de los espacios<\/strong> &#8211; y la visibilizaci\u00f3n de todas las \u00e1reas donde se llevan a cabo tareas dom\u00e9sticas, con el objetivo de que todas las personas usuarias de la vivienda, participen de estas labores. Para entender c\u00f3mo se introducen estos dos conceptos &#8211; y todos los que surgen consecutivamente &#8211; en el <strong>dise\u00f1o de una vivienda<\/strong>, describiremos las caracter\u00edsticas de los diferentes tipos de espacio y analizaremos como se aplican en tres pisos de <strong>Girona 009<\/strong>.<\/span><\/p>\n<p>&nbsp;<\/p>\n<h3><strong>An\u00e1lisis de la flexibilidad de las viviendas de <a href=\"https:\/\/omplim.cat\/promocions\/girona009\/\"><span style=\"color: #3f5f9d;\">Girona 009<\/span><\/a><\/strong><\/h3>\n<h4><strong>Dormitorios<\/strong><\/h4>\n<p><span style=\"font-weight: 400;\">Cuando se define la <strong>capacidad dimensional de una vivienda<\/strong>, uno de los factores cuantitativos m\u00e1s utilizados tradicionalmente, es el <strong>n\u00famero de dormitorios<\/strong> que esta ofrece, sea cual sea su superficie. Bajo esta conceptualizaci\u00f3n, como m\u00e1s dormitorios tenga una vivienda, m\u00e1s capacidad tendr\u00e1. Podr\u00edamos decir que la combinaci\u00f3n de esta concepci\u00f3n y la exacerbada carrera para obtener mejores r\u00e9ditos econ\u00f3micos en el mercado inmobiliario, puede significar un punto de fallo para obtener viviendas flexibles. <\/span><\/p>\n<p>&nbsp;<\/p>\n<p><span style=\"font-weight: 400;\">Si el valor de la vivienda aumenta con el n\u00famero de dormitorios, la planificaci\u00f3n, sin una l\u00f3gica de apropiaci\u00f3n flexible de los espacios, buscar\u00e1 la mayor cifra de estancias, ignorando la equidad entre estas. Como resultado, nos encontramos con viviendas donde las superficies de los dormitorios var\u00edan much\u00edsimo entre ellos, donde una de las habitaciones &#8211; la mal nombrada principal &#8211; es mucho m\u00e1s grande que el resto y es la \u00fanica que cumple con la <strong>superficie recomendada de aproximadamente 10 m\u00b2<\/strong><\/span><span style=\"font-weight: 400;\">, para que sea flexible y permita la variedad de usos y amueblamientos. Esto da como resultado viviendas claramente jerarquizadas, ya que las personas a las cuales se le adjudica el dormitorio m\u00e1s grande, lograr\u00e1n una posici\u00f3n de privilegio respecto a las otras.<\/span><\/p>\n<p><span style=\"font-weight: 400;\">Por lo tanto, para conseguir una vivienda con una <strong>planificaci\u00f3n flexible y desjerarquizada<\/strong>, se ha de procurar que todas las estancias tengan unas <strong>superficies tan parecidas<\/strong> como sea posible, que como m\u00ednimo tengan una superficie de 10 m\u00b2<\/span><span style=\"font-weight: 400;\">y unas condiciones (iluminaci\u00f3n, orientaci\u00f3n, ventilaci\u00f3n, instalaci\u00f3n, recursos, etc.) equitativas.<\/span><\/p>\n<p>&nbsp;<\/p>\n<p><img fetchpriority=\"high\" decoding=\"async\" class=\"alignnone wp-image-14105 size-full\" src=\"https:\/\/omplim.cat\/wp-content\/uploads\/2023\/03\/Girona-009_Habitatge-025_analisi-01-2.png\" alt=\"La flexibilidad y la mirada de g\u00e9nero en la vivienda en Girona 009\" width=\"5604\" height=\"3194\"><\/p>\n<p>&nbsp;<\/p>\n<h4><strong>Sala \/ comedor \/cocina<\/strong><\/h4>\n<p><span style=\"font-weight: 400;\">La sala principal de una vivienda es la zona en la que confluyen una variedad muy rica de actividades, desde el descanso, el ocio, las labores dom\u00e9sticas, hasta las profesionales, entre otras. Tambi\u00e9n, entre la <strong>cocina y el comedor<\/strong> se llevan a cabo actividades que completan el <strong>eje de la alimentaci\u00f3n<\/strong> y estas requieren el espacio m\u00e1s especializado de toda la vivienda. El hecho de que haya comunicaci\u00f3n f\u00edsica entre la cocina y la sala\/comedor, da visibilidad a las labores que se ejecutan en la cocina, no excluye a la persona que las lleva a cabo y facilita la participaci\u00f3n de las otras. <\/span><\/p>\n<p>&nbsp;<\/p>\n<p><span style=\"font-weight: 400;\">Hasta hace muy poco, las viviendas de obra nueva han tenido la cocina y la sala separadas, aislando, de esta manera, las tareas desarrolladas en la cocina. La cocina de la arquitectura moderna, que nace en la segunda d\u00e9cada del siglo XX con la mecanizaci\u00f3n de las labores dom\u00e9sticas, reduce el espacio, aproxima los electrodom\u00e9sticos y minimiza las dimensiones de almacenaje para que una sola persona sea capaz de llegar a cualquier punto sin tener que desplazarse. Para dirigirnos hacia una relaci\u00f3n flexible con el <strong>espacio de la cocina<\/strong>, tendr\u00edamos que dejar de pensarlo atropoc\u00e9ntricamente y hacerlo poniendo el propio trabajo que se realiza en el centro. Debemos pensar en el acto de cocinar como algo que aglutina un grupo de personas y, de esta manera, dise\u00f1aremos este espacio para que quepan todas. <\/span><\/p>\n<p>&nbsp;<\/p>\n<p><span style=\"font-weight: 400;\">De igual modo que hacemos visible el eje de la alimentaci\u00f3n, en la sala\/cocina\/comedor puede suceder simult\u00e1neamente parte del <strong>eje de la ropa<\/strong>. Si pensemos en la gran mayor\u00eda de viviendas del parque inmobiliario de segunda mano y buena parte de los de obra nueva, las tareas inherentes a la lavander\u00eda suceden en espacios muy reducidos donde s\u00f3lo cabe una persona. Debemos huir de este planteamiento y buscar, a trav\u00e9s del espacio, un proceso que visibilice y haga posible este cometido para todas las personas que habitan en un mismo hogar. Un espacio lo suficiente ancho para que esta ocupaci\u00f3n se pueda repartir y que ninguno de sus pasos est\u00e9 localizado en un espacio cerrado e individualizado.<\/span><\/p>\n<p><img decoding=\"async\" class=\"wp-image-14102 size-full\" src=\"https:\/\/omplim.cat\/wp-content\/uploads\/2023\/03\/Girona-009_Habitatge-025_analisi_Mesa-de-trabajo-1-02.png\" alt=\"La flexibilidad y la mirada de g\u00e9nero en la vivienda en Girona 009\" width=\"5604\" height=\"3194\"><\/p>\n<p>&nbsp;<\/p>\n<h4><strong>Ba\u00f1os<\/strong><\/h4>\n<p><span style=\"font-weight: 400;\">La distribuci\u00f3n de los ba\u00f1os del hogar tambi\u00e9n puede marcar relaciones jerarquizadas entre las personas habitantes, un claro ejemplo de esto son los ba\u00f1os en suite limitados a las personas que ocupan el dormitorio en el que se ubican. A parte de esto, para flexibilizar su uso, las dimensiones de los ba\u00f1os han de permitir la presencia de m\u00e1s de una persona para favorecer la repartici\u00f3n del trabajo de los cuidados.<\/span><\/p>\n<p>&nbsp;<\/p>\n<p><img decoding=\"async\" class=\"wp-image-14108 size-full\" src=\"https:\/\/omplim.cat\/wp-content\/uploads\/2023\/03\/Girona-009_Habitatge-025_analisi-03-2.png\" alt=\"La flexibilidad y la mirada de g\u00e9nero en la vivienda en Girona 009\" width=\"5604\" height=\"3194\"><\/p>\n<h4><strong>Balcones\/Terrazas<\/strong><\/h4>\n<p><span style=\"font-weight: 400;\">Los balcones y las terrazas han estado totalmente resignificadas durante el confinamiento provocado por la pandemia de la COVID-19. La importancia que se les ha atribuido ha aumentado de una manera totalmente exponencial, todo y que desde la mirada flexible de la planificaci\u00f3n de vivienda, ja se entend\u00eda que estos espacios entre la vida p\u00fablica y la privada potencian la <strong>socializaci\u00f3n<\/strong> del grupo de convivencia y facilitan la <strong>regulaci\u00f3n t\u00e9rmica de la vivienda<\/strong>. El confinamiento lo ha hecho, simplemente, evidente. Como son espacios con unas caracter\u00edsticas de <strong>indeterminaci\u00f3n funcional<\/strong>, favorecen la ocupaci\u00f3n flexible, ya que las actividades que se pueden desarrollar son m\u00faltiples. La superficie m\u00ednima de estos espacios deber\u00eda contar con al menos 1,5 m\u00b2 para que asegure un uso confortable para m\u00e1s de una persona.<\/span><span style=\"font-weight: 400;\">.<\/span><\/p>\n<p>&nbsp;<\/p>\n<p><img loading=\"lazy\" decoding=\"async\" class=\"wp-image-14111 size-full\" src=\"https:\/\/omplim.cat\/wp-content\/uploads\/2023\/03\/Girona-009_Habitatge-025_analisi-04-2.png\" alt=\"La flexibilidad y la mirada de g\u00e9nero en la vivienda en Girona 009\" width=\"5604\" height=\"3194\"><\/p>\n<p>&nbsp;<\/p>\n<p><span style=\"font-weight: 400;\">En definitiva, el <strong>dise\u00f1o de espacios<\/strong> debe tener la voluntad de hacer un an\u00e1lisis de las necesidades de la <strong>sociedad cambiante<\/strong>. Entrar primero en un marco m\u00e1s te\u00f3rico para despu\u00e9s poder aplicar de una manera real y f\u00edsica todas las recomendaciones que la comunidad acad\u00e9mica y algunas voces de la industria han estado trabajando respecto a las <strong>realidades y cambios sociales<\/strong>. Pero sobre todo, lo m\u00e1s importante es perseguir el prop\u00f3sito real de querer ofrecer <strong>viviendas resilientes<\/strong>, que est\u00e9n preparadas para el cambio; es decir, que sean flexibles, que potencien la colectividad y a la vez la individualidad de una manera igualitaria de todas les personas que habitan bajo un mismo techo. Una misma vivienda pasar\u00e1 por muchas etapas de una o m\u00e1s familias y ha de estar preparada para adaptarse a todos los usos posibles que sean necesarios en cada momento, s\u00f3lo de esta manera conseguiremos que su <strong>obsolescencia<\/strong> sea inferior. <\/span><\/p>\n<p>&nbsp;<\/p>\n<p><span style=\"font-weight: 400;\">Desde Omplim creemos que la <strong>sostenibilidad<\/strong> se debe trabajar de manera hol\u00edstica, analizando todo aquello que puede hacer que un hogar sea m\u00e1s resiliente. Hay tantas oportunidades para ofrecer una <strong>vivienda sostenible<\/strong> como decisiones para tomar en su desarrollo; desde el planteamiento de la <strong>distribuci\u00f3n de espacios<\/strong>, pasando por la elecci\u00f3n de los <strong>materiales<\/strong>, hasta la manera de entreg\u00e1rselo a les personas que har\u00e1n de esta su hogar. <\/span><\/p>\n<p>&nbsp;<\/p>\n<p>&nbsp;<\/p>\n<h4><span style=\"font-weight: 400;\">Refer\u00e8ncies<\/span><\/h4>\n<p><span style=\"font-weight: 400;\">Brooks, 2020. Housing after coronavirus should feature bigger spaces and more balconies. <\/span><i><span style=\"font-weight: 400;\">Dezeen Magazine.<\/span><\/i><\/p>\n<p><span style=\"color: #3f5f9d;\"><a style=\"color: #3f5f9d;\" href=\"https:\/\/www.dezeen.com\/2020\/05\/19\/alison-brooks-housing-coronavirus-balconies\/\"><span style=\"font-weight: 400;\">https:\/\/www.dezeen.com\/2020\/05\/19\/alison-brooks-housing-coronavirus-balconies\/<\/span><\/a><span style=\"font-weight: 400;\"> <\/span><\/span><\/p>\n<p>&nbsp;<\/p>\n<p><span style=\"font-weight: 400;\">Amann y Alcocer, 2005. El espacio dom\u00e9stico: la mujer y la casa. Escuela T\u00e9cnica Superior de Arquitectura. Universidad Polit\u00e9cnica de Madrid. <\/span><\/p>\n<p>&nbsp;<\/p>\n<p><span style=\"font-weight: 400;\">Falg\u00e1n et al, 2019. Flexibilidad e igualdad de g\u00e9nero en la vivienda. <\/span><i><span style=\"font-weight: 400;\">Q\u00fcestions d\u2019habitatge, N\u00famero 22.<\/span><\/i><span style=\"font-weight: 400;\"> Departamento de Comunicaci\u00f3n del Instituto Municipal de la Vivienda y Rehabilitaci\u00f3n de Barcelona. <\/span><span style=\"color: #3f5f9d;\"><a style=\"color: #3f5f9d;\" href=\"https:\/\/www.habitatge.barcelona\/sites\/default\/files\/qh22-es-es_web_0.pdf\"><span style=\"font-weight: 400;\">https:\/\/www.habitatge.barcelona\/sites\/default\/files\/qh22-es-es_web_0.pdf<\/span><\/a><\/span><\/p>\n<p>Novas, 2019. Arquitectura y g\u00e9nero: una introducci\u00f3n posible.<\/p>\n<p>&nbsp;<\/p>\n<p><span style=\"font-weight: 400;\">Schneider &amp; J. Till, 2005. Flexible housing: opportunities and limits. <\/span><i><span style=\"font-weight: 400;\">Architectural Research Quarterly , Volume 9 , Issue 2. <\/span><\/i><\/p>\n","protected":false},"excerpt":{"rendered":"<p>&#8220;La flexibilidad y la mirada de g\u00e9nero en la vivienda comportan una planificaci\u00f3n m\u00e1s equitativa del espacio, que desdibuje los roles de privilegio, colectivice y haga visibles las tareas dom\u00e9sticas y que posibilite la transformaci\u00f3n de los espacios seg\u00fan las necesidades de la unidad de convivencia en cada momento.&#8221; &nbsp; La vivienda es uno de [&hellip;]<\/p>\n","protected":false},"author":1,"featured_media":14216,"comment_status":"open","ping_status":"open","sticky":false,"template":"","format":"standard","meta":{"_acf_changed":false,"_mo_disable_npp":"","footnotes":""},"categories":[68,64],"tags":[],"class_list":["post-14215","post","type-post","status-publish","format-standard","has-post-thumbnail","hentry","category-bienestar","category-inclusion"],"acf":[],"aioseo_notices":[],"_links":{"self":[{"href":"https:\/\/omplim.cat\/es\/wp-json\/wp\/v2\/posts\/14215","targetHints":{"allow":["GET"]}}],"collection":[{"href":"https:\/\/omplim.cat\/es\/wp-json\/wp\/v2\/posts"}],"about":[{"href":"https:\/\/omplim.cat\/es\/wp-json\/wp\/v2\/types\/post"}],"author":[{"embeddable":true,"href":"https:\/\/omplim.cat\/es\/wp-json\/wp\/v2\/users\/1"}],"replies":[{"embeddable":true,"href":"https:\/\/omplim.cat\/es\/wp-json\/wp\/v2\/comments?post=14215"}],"version-history":[{"count":0,"href":"https:\/\/omplim.cat\/es\/wp-json\/wp\/v2\/posts\/14215\/revisions"}],"wp:featuredmedia":[{"embeddable":true,"href":"https:\/\/omplim.cat\/es\/wp-json\/wp\/v2\/media\/14216"}],"wp:attachment":[{"href":"https:\/\/omplim.cat\/es\/wp-json\/wp\/v2\/media?parent=14215"}],"wp:term":[{"taxonomy":"category","embeddable":true,"href":"https:\/\/omplim.cat\/es\/wp-json\/wp\/v2\/categories?post=14215"},{"taxonomy":"post_tag","embeddable":true,"href":"https:\/\/omplim.cat\/es\/wp-json\/wp\/v2\/tags?post=14215"}],"curies":[{"name":"wp","href":"https:\/\/api.w.org\/{rel}","templated":true}]}}