{"id":13954,"date":"2023-03-06T15:12:39","date_gmt":"2023-03-06T15:12:39","guid":{"rendered":"https:\/\/omplim.cat\/nos-hemos-recertificado-como-b-corp\/"},"modified":"2025-06-25T09:30:10","modified_gmt":"2025-06-25T09:30:10","slug":"nos-hemos-recertificado-como-b-corp","status":"publish","type":"post","link":"https:\/\/omplim.cat\/es\/nos-hemos-recertificado-como-b-corp\/","title":{"rendered":"\u00a1Nos hemos recertificado como B Corp!"},"content":{"rendered":"<h3><span style=\"font-weight: 400;\">Hace cuatro a\u00f1os, en 2019, Omplim se certific\u00f3 como <\/span><span style=\"color: #3f5f9d;\"><a style=\"color: #3f5f9d;\" href=\"https:\/\/www.bcorporation.net\/en-us\/find-a-b-corp\/company\/omplim-gestio-i-edificacio-responsable-sl\"><b>B Corp<\/b><\/a><\/span><span style=\"font-weight: 400;\"> y ahora, en febrero de 2023, hemos conseguido nuestra primera <\/span><b>recertificaci\u00f3n<\/b><span style=\"font-weight: 400;\">. Esto nos hace much\u00edsima ilusi\u00f3n, es un reconocimiento muy alentador para todas las personas que formamos parte de Omplim y nos motiva a continuar trabajando en esta direcci\u00f3n.<\/span><\/h3>\n<h3><\/h3>\n<h4><span style=\"font-weight: 400;\"> Pero, \u00bfqu\u00e9 quiere decir ser una B Corp?<\/span><\/h4>\n<p>&nbsp;<\/p>\n<p><span style=\"font-weight: 400;\">El <\/span><b>certificado B Corp<\/b><span style=\"font-weight: 400;\"> nace con la idea de impulsar un <\/span><b>paradigma empresarial m\u00e1s inclusivo y sostenible.<\/b><span style=\"font-weight: 400;\"> Un paradigma en el cual las compa\u00f1\u00edas no s\u00f3lo tengan metas econ\u00f3micas, sino que cumplan <\/span><b>altos est\u00e1ndares de desempe\u00f1o social y ambiental, transparencia y responsabilidad empresarial.<\/b><span style=\"font-weight: 400;\">. Y para Omplim, esto es el primer paso para llevar a cabo nuestro <\/span><b>prop\u00f3sito<\/b><span style=\"font-weight: 400;\">. <\/span> <\/p>\n<p>&nbsp;<\/p>\n<p><span style=\"font-weight: 400;\">Ser una B Corp tiene muchos beneficios, pero para nosotros y nosotras, una de las cosas que m\u00e1s valoremos es la oportunidad de <\/span><b>medir y mejorar nuestro impacto<\/b><span style=\"font-weight: 400;\">. Saber continuamente si estamos logrando crear el <\/span><b>valor social, ambiental y econ\u00f3mico<\/b><span style=\"font-weight: 400;\">que deseamos para nuestro ecosistema comunitario i empresarial. <\/span> <\/p>\n<p>&nbsp;<\/p>\n<h4><span style=\"font-weight: 400;\">\u00bfY c\u00f3mo se hace esto? \u00bfQu\u00e9 y c\u00f3mo se mide? <\/span><\/h4>\n<p><span style=\"font-weight: 400;\">Bien, podr\u00edamos estar horas y horas explicando la evaluaci\u00f3n de impacto, ya que forma parte de nuestro d\u00eda a d\u00eda y nos encanta hablar de ello, pero intentaremos hacer un buen resumen. Para obtener la certificaci\u00f3n se han de cumplir tres requisitos b\u00e1sicos:<\/span><\/p>\n<ul>\n<li style=\"font-weight: 400;\" aria-level=\"1\"><b>Desempe\u00f1o social y ambiental<\/b><span style=\"font-weight: 400;\">: A trav\u00e9s de una herramienta evaluadora <\/span><b><a href=\"https:\/\/www.bcorporation.net\/en-us\/programs-and-tools\/b-impact-assessment\/\"><span style=\"color: #3f5f9d;\">B Impact Assessment<\/span><\/a>,<\/b><span style=\"font-weight: 400;\"> se punt\u00faa el impacto de las pr\u00e1cticas y resultados de la compa\u00f1\u00eda en 5 categor\u00edas: <\/span><b>gobernanza, trabajadores, comunidad, medioambiente y clientes.<\/b><span style=\"font-weight: 400;\">. Para ser una B Corp se deben conseguir un m\u00ednimo de 80 puntos en este proceso de valoraci\u00f3n. <\/span><\/li>\n<li style=\"font-weight: 400;\" aria-level=\"1\"><b>Transparencia<\/b><span style=\"font-weight: 400;\">: Una vez realizado el informe de Impacto B, se tiene que hacer p\u00fablica la puntuaci\u00f3n en el <\/span><b>directorio de empresas B Corp<\/b><span style=\"font-weight: 400;\">.<\/span><\/li>\n<li style=\"font-weight: 400;\" aria-level=\"1\"><b>Rendici\u00f3n de cuentas y responsabilidad<\/b><span style=\"font-weight: 400;\">: las B Corp deben adoptar un <\/span><b>marco legal corporativo<\/b><span style=\"font-weight: 400;\">que requiere expl\u00edcitamente la consideraci\u00f3n de todos sus <\/span><b>grupos de inter\u00e9s<\/b><span style=\"font-weight: 400;\"> en sus procesos de decisi\u00f3n. <\/span> <\/li>\n<\/ul>\n<p>&nbsp;<\/p>\n<p><span style=\"font-weight: 400;\">El pasado febrero obtuvimos la recertificaci\u00f3n con 149 puntos. Ven\u00edamos de certificarnos por primera vez con 83 y, lo cierto, es que dar este gran salto es emocionante. Esto ha sido gracias a muchas personas, proyectos, horas de trabajo y la firme convicci\u00f3n de trabajar pensando en el nuestro prop\u00f3sito.<\/span><\/p>\n<p><span style=\"font-weight: 400;\">Ser B Corp no es ninguna meta, lograr una puntuaci\u00f3n m\u00e1s alta no es lo que nos mueve, es una gu\u00eda. Lo que nos mueve es ofrecer <\/span><b>hogares sostenibles, inclusivos, asequibles y de calidad;<\/b><span style=\"font-weight: 400;\"> conseguir proyectos de<\/span><b>impacto comunitario<\/b><span style=\"font-weight: 400;\"> como el convenio de colaboraci\u00f3n<\/span> <span style=\"color: #3f5f9d;\"><a style=\"color: #3f5f9d;\" href=\"https:\/\/omplim.cat\/metre2-construit-metre2-restaurat\/\"><b>M2 constru\u00eddo, M2 restaurado<\/b><\/a><\/span><span style=\"font-weight: 400;\"> o hacer m\u00e1s <\/span><a href=\"https:\/\/omplim.cat\/la-primera-convocatoria-dajut-social-domplim\/\"><b><span style=\"color: #3f5f9d;\">convocatorias de ayuda social;<\/span><\/b><\/a><span style=\"font-weight: 400;\"> hacer que todas les personas que formamos parte de Omplim podamos proyectarnos profesional y personalmente, fomentar el <\/span><b>desarrollo socioecon\u00f3mico<\/b><span style=\"font-weight: 400;\"> de las comunidades donde aterrizan nuestros proyectos y promover una <\/span><b>cadena de valor responsable y sostenible<\/b><span style=\"font-weight: 400;\">. En definitiva, queremos construir un futuro para todxs; un futuro lleno de espacios inclusivos, sostenibles y transformadores. <\/span><\/p>\n<p>&nbsp;<\/p>\n<h3><span style=\"font-weight: 400;\">Queremos agradecer el trabajo, soporte y acogida de todas las personas y entidades que han estado y est\u00e1n a nuestro lado para que cada d\u00eda podamos impulsar y defender nuestro prop\u00f3sito. <\/span><b>Gracias<\/b><span style=\"font-weight: 400;\">. <\/span> <\/h3>\n<p>&nbsp;<\/p>\n","protected":false},"excerpt":{"rendered":"<p>Hace cuatro a\u00f1os, en 2019, Omplim se certific\u00f3 como B Corp y ahora, en febrero de 2023, hemos conseguido nuestra primera recertificaci\u00f3n. Esto nos hace much\u00edsima ilusi\u00f3n, es un reconocimiento muy alentador para todas las personas que formamos parte de Omplim y nos motiva a continuar trabajando en esta direcci\u00f3n. Pero, \u00bfqu\u00e9 quiere decir ser [&hellip;]<\/p>\n","protected":false},"author":1,"featured_media":13955,"comment_status":"open","ping_status":"open","sticky":false,"template":"","format":"standard","meta":{"_acf_changed":false,"_mo_disable_npp":"","footnotes":""},"categories":[63,64,65],"tags":[66,67],"class_list":["post-13954","post","type-post","status-publish","format-standard","has-post-thumbnail","hentry","category-cadena-de-valor-justa","category-inclusion","category-sostenibilidad-ambiental","tag-b-corp-es","tag-sostenibilidad"],"acf":[],"aioseo_notices":[],"_links":{"self":[{"href":"https:\/\/omplim.cat\/es\/wp-json\/wp\/v2\/posts\/13954","targetHints":{"allow":["GET"]}}],"collection":[{"href":"https:\/\/omplim.cat\/es\/wp-json\/wp\/v2\/posts"}],"about":[{"href":"https:\/\/omplim.cat\/es\/wp-json\/wp\/v2\/types\/post"}],"author":[{"embeddable":true,"href":"https:\/\/omplim.cat\/es\/wp-json\/wp\/v2\/users\/1"}],"replies":[{"embeddable":true,"href":"https:\/\/omplim.cat\/es\/wp-json\/wp\/v2\/comments?post=13954"}],"version-history":[{"count":0,"href":"https:\/\/omplim.cat\/es\/wp-json\/wp\/v2\/posts\/13954\/revisions"}],"wp:featuredmedia":[{"embeddable":true,"href":"https:\/\/omplim.cat\/es\/wp-json\/wp\/v2\/media\/13955"}],"wp:attachment":[{"href":"https:\/\/omplim.cat\/es\/wp-json\/wp\/v2\/media?parent=13954"}],"wp:term":[{"taxonomy":"category","embeddable":true,"href":"https:\/\/omplim.cat\/es\/wp-json\/wp\/v2\/categories?post=13954"},{"taxonomy":"post_tag","embeddable":true,"href":"https:\/\/omplim.cat\/es\/wp-json\/wp\/v2\/tags?post=13954"}],"curies":[{"name":"wp","href":"https:\/\/api.w.org\/{rel}","templated":true}]}}