{"id":13651,"date":"2022-10-26T12:26:11","date_gmt":"2022-10-26T12:26:11","guid":{"rendered":"https:\/\/omplim.cat\/climate-strategy-partners-y-omplim\/"},"modified":"2025-06-25T09:30:43","modified_gmt":"2025-06-25T09:30:43","slug":"climate-strategy-partners-y-omplim","status":"publish","type":"post","link":"https:\/\/omplim.cat\/es\/climate-strategy-partners-y-omplim\/","title":{"rendered":"Climate Strategy &amp; Partners i Omplim"},"content":{"rendered":"<h4>El pasado 20 de octubre, nuestros compa\u00f1eros y compa\u00f1eras de <a href=\"https:\/\/www.climatestrategy.es\/es\/index.php\">Climate Strategy &amp; Partners<\/a> &#8211; consultora especializada en el estudio estrat\u00e9gico para combatir el cambio clim\u00e1tico &#8211; presentaron un informe sobre la acci\u00f3n clim\u00e1tica de las PIMES espa\u00f1olas. Desde Omplim, tuvimos el enorme placer de participar tanto en el informe como en los actos de presentaci\u00f3n de este, dando testigo de nuestra actividad centrada en la acci\u00f3n clim\u00e1tica como PYME comprometida con la transici\u00f3n ecol\u00f3gica.<\/h4>\n<p>&nbsp;<\/p>\n<p>El informe &#8220;<span style=\"color: #3f5f9d;\"><strong><a style=\"color: #3f5f9d;\" href=\"https:\/\/www.climatestrategy.es\/es\/informe_24.php\">Movilizando a las PyMES frente a la Crisis Clim\u00e1tica y Energ\u00e9tica<\/a><\/strong><\/span>&#8220;, comienza con esta lapidaria afirmaci\u00f3n:<\/p>\n<blockquote><p><em>&#8220;Las PIMES contribuyen a un 61,5% del <\/em>valor a\u00f1adido<em> de Espa\u00f1a, generan un 64,5% de la ocupaci\u00f3n y suponen un 99,8% del tejido empresarial (un total de 2.926.484 empresas). Se estima, adem\u00e1s, que un 50% de las emisiones de gases invernadero de Espa\u00f1a provienen de las actividades de estas empresas. Movilizar y apoyar a su descarbonizaci\u00f3n es, por lo tanto, un requisito fundamental para conseguir el objetivo de cero emisiones limpias del pa\u00eds, a la vegada que se garantiza una transici\u00f3n justa y estable de la econom\u00eda y la ocupaci\u00f3n.&#8221;<\/em><\/p><\/blockquote>\n<blockquote><p>&nbsp;<\/p><\/blockquote>\n<p>Aqu\u00ed nos encontramos con la necesidad urgente de revertir esta situaci\u00f3n, sin embargo, la gran mayor\u00eda de normativas y acciones sobre sostenibilidad medioambiental llevadas a cabo, han sido dirigidas hacia grandes empresas. Esto ha provocado una <strong>brecha de recursos<\/strong>, tanto de conocimiento como de apoyo, entre estas <strong>grandes empresas y las PYMES.<\/strong><\/p>\n<p>&nbsp;<\/p>\n<p>El informe analiza la situaci\u00f3n actual de las PYMES en acci\u00f3n clim\u00e1tica, muestra los retos y beneficios de movilizar <strong>pr\u00e1cticas para su descarbonizaci\u00f3n<\/strong> en un contexto de crisis energ\u00e9tica y propone una serie de buenas pr\u00e1cticas para adoptar e implementar planes de acci\u00f3n clim\u00e1tica en empresas de menor dimensi\u00f3n.<\/p>\n<p>&nbsp;<\/p>\n<p>Para entender la situaci\u00f3n, Climate Strategy &amp; Partners trabajaron en un estudio exhaustivo a trav\u00e9s de un proceso de consulta de 1 a\u00f1o con m\u00e1s de 300 PYMES y sus plataformas locales, recogiendo tambi\u00e9n casos de estudio de PYMES que est\u00e1n liderando la transici\u00f3n. Ha sido todo un placer poder formar parte de este panel de casos de estudio, ayudar a nuestros compa\u00f1eros y compa\u00f1eras a empujar la <strong>transici\u00f3n ecol\u00f3gica<\/strong> con datos reveladores que, seguro, ejercer\u00e1n de palanca de cambio para un futuro con PYMES con mayores recursos y compromiso para <strong>combatir el cambio clim\u00e1tico.<\/strong><\/p>\n<p>&nbsp;<\/p>\n<p>&nbsp;<\/p>\n<p>&nbsp;<\/p>\n<p>&nbsp;<\/p>\n","protected":false},"excerpt":{"rendered":"<p>El pasado 20 de octubre, nuestros compa\u00f1eros y compa\u00f1eras de Climate Strategy &amp; Partners &#8211; consultora especializada en el estudio estrat\u00e9gico para combatir el cambio clim\u00e1tico &#8211; presentaron un informe sobre la acci\u00f3n clim\u00e1tica de las PIMES espa\u00f1olas. Desde Omplim, tuvimos el enorme placer de participar tanto en el informe como en los actos de [&hellip;]<\/p>\n","protected":false},"author":6,"featured_media":13559,"comment_status":"open","ping_status":"open","sticky":false,"template":"","format":"standard","meta":{"_acf_changed":false,"content-type":"","_mo_disable_npp":"","footnotes":""},"categories":[43,63,65],"tags":[],"class_list":["post-13651","post","type-post","status-publish","format-standard","has-post-thumbnail","hentry","category-assequibilitat","category-cadena-de-valor-justa","category-sostenibilidad-ambiental"],"acf":[],"aioseo_notices":[],"aioseo_head":"\n\t\t<!-- All in One SEO 5.0.1.1 - aioseo.com -->\n\t<meta name=\"description\" content=\"El pasado 20 de octubre, nuestros compa\u00f1eros y compa\u00f1eras de Climate Strategy &amp; Partners - consultora especializada en el estudio estrat\u00e9gico para combatir el cambio clim\u00e1tico - presentaron un informe sobre la acci\u00f3n clim\u00e1tica de las PIMES espa\u00f1olas. Desde Omplim, tuvimos el enorme placer de participar tanto en el informe como en los actos de\" \/>\n\t<meta name=\"robots\" content=\"max-image-preview:large\" \/>\n\t<meta name=\"author\" content=\"Roc\u00edo\"\/>\n\t<link rel=\"canonical\" href=\"https:\/\/omplim.cat\/es\/climate-strategy-partners-y-omplim\/\" \/>\n\t<meta name=\"generator\" content=\"All in One SEO (AIOSEO) 5.0.1.1\" \/>\n\t\t<meta property=\"og:locale\" content=\"es_ES\" \/>\n\t\t<meta property=\"og:site_name\" content=\"Omplim | Gesti\u00f3 i edificaci\u00f3 responsable\" \/>\n\t\t<meta property=\"og:type\" content=\"article\" \/>\n\t\t<meta property=\"og:title\" content=\"Climate Strategy &amp; Partners i Omplim | Omplim\" \/>\n\t\t<meta property=\"og:description\" content=\"El pasado 20 de octubre, nuestros compa\u00f1eros y compa\u00f1eras de Climate Strategy &amp; Partners - consultora especializada en el estudio estrat\u00e9gico para combatir el cambio clim\u00e1tico - presentaron un informe sobre la acci\u00f3n clim\u00e1tica de las PIMES espa\u00f1olas. Desde Omplim, tuvimos el enorme placer de participar tanto en el informe como en los actos de\" \/>\n\t\t<meta property=\"og:url\" content=\"https:\/\/omplim.cat\/es\/climate-strategy-partners-y-omplim\/\" \/>\n\t\t<meta property=\"og:image\" content=\"https:\/\/omplim.cat\/wp-content\/uploads\/2022\/11\/cropped-Logo-Omplim-negre-1.png\" \/>\n\t\t<meta property=\"og:image:secure_url\" content=\"https:\/\/omplim.cat\/wp-content\/uploads\/2022\/11\/cropped-Logo-Omplim-negre-1.png\" \/>\n\t\t<meta property=\"og:image:width\" content=\"276\" \/>\n\t\t<meta property=\"og:image:height\" content=\"78\" \/>\n\t\t<meta property=\"article:published_time\" content=\"2022-10-26T12:26:11+00:00\" \/>\n\t\t<meta property=\"article:modified_time\" content=\"2025-06-25T09:30:43+00:00\" \/>\n\t\t<meta name=\"twitter:card\" content=\"summary_large_image\" \/>\n\t\t<meta name=\"twitter:title\" content=\"Climate Strategy &amp; Partners i Omplim | Omplim\" \/>\n\t\t<meta name=\"twitter:description\" content=\"El pasado 20 de octubre, nuestros compa\u00f1eros y compa\u00f1eras de Climate Strategy &amp; Partners - consultora especializada en el estudio estrat\u00e9gico para combatir el cambio clim\u00e1tico - presentaron un informe sobre la acci\u00f3n clim\u00e1tica de las PIMES espa\u00f1olas. Desde Omplim, tuvimos el enorme placer de participar tanto en el informe como en los actos de\" \/>\n\t\t<meta name=\"twitter:image\" content=\"https:\/\/omplim.cat\/wp-content\/uploads\/2022\/11\/cropped-Logo-Omplim-negre-1.png\" \/>\n\t\t<script type=\"application\/ld+json\" class=\"aioseo-schema\">\n\t\t\t{\"@context\":\"https:\\\/\\\/schema.org\",\"@graph\":[{\"@type\":\"BlogPosting\",\"@id\":\"https:\\\/\\\/omplim.cat\\\/es\\\/climate-strategy-partners-y-omplim\\\/#blogposting\",\"name\":\"Climate Strategy & Partners i Omplim | Omplim\",\"headline\":\"Climate Strategy &amp; Partners i Omplim\",\"author\":{\"@id\":\"https:\\\/\\\/omplim.cat\\\/es\\\/author\\\/rocio\\\/#author\"},\"publisher\":{\"@id\":\"https:\\\/\\\/omplim.cat\\\/es\\\/#organization\"},\"image\":{\"@type\":\"ImageObject\",\"url\":\"https:\\\/\\\/omplim.cat\\\/wp-content\\\/uploads\\\/2023\\\/02\\\/AdobeStock_325743338.jpg\",\"width\":1056,\"height\":596},\"datePublished\":\"2022-10-26T12:26:11+00:00\",\"dateModified\":\"2025-06-25T09:30:43+00:00\",\"inLanguage\":\"es-ES\",\"mainEntityOfPage\":{\"@id\":\"https:\\\/\\\/omplim.cat\\\/es\\\/climate-strategy-partners-y-omplim\\\/#webpage\"},\"isPartOf\":{\"@id\":\"https:\\\/\\\/omplim.cat\\\/es\\\/climate-strategy-partners-y-omplim\\\/#webpage\"},\"articleSection\":\"Assequibilitat, Cadena de valor justa, Sostenibilidad ambiental, Opcional\"},{\"@type\":\"BreadcrumbList\",\"@id\":\"https:\\\/\\\/omplim.cat\\\/es\\\/climate-strategy-partners-y-omplim\\\/#breadcrumblist\",\"itemListElement\":[{\"@type\":\"ListItem\",\"@id\":\"https:\\\/\\\/omplim.cat\\\/es\\\/#listItem\",\"position\":1,\"name\":\"Home\",\"item\":\"https:\\\/\\\/omplim.cat\\\/es\\\/\",\"nextItem\":{\"@type\":\"ListItem\",\"@id\":\"https:\\\/\\\/omplim.cat\\\/categoria\\\/assequibilitat\\\/#listItem\",\"name\":\"Assequibilitat\"}},{\"@type\":\"ListItem\",\"@id\":\"https:\\\/\\\/omplim.cat\\\/categoria\\\/assequibilitat\\\/#listItem\",\"position\":2,\"name\":\"Assequibilitat\",\"item\":\"https:\\\/\\\/omplim.cat\\\/categoria\\\/assequibilitat\\\/\",\"nextItem\":{\"@type\":\"ListItem\",\"@id\":\"https:\\\/\\\/omplim.cat\\\/es\\\/climate-strategy-partners-y-omplim\\\/#listItem\",\"name\":\"Climate Strategy &amp; Partners i Omplim\"},\"previousItem\":{\"@type\":\"ListItem\",\"@id\":\"https:\\\/\\\/omplim.cat\\\/es\\\/#listItem\",\"name\":\"Home\"}},{\"@type\":\"ListItem\",\"@id\":\"https:\\\/\\\/omplim.cat\\\/es\\\/climate-strategy-partners-y-omplim\\\/#listItem\",\"position\":3,\"name\":\"Climate Strategy &amp; Partners i Omplim\",\"previousItem\":{\"@type\":\"ListItem\",\"@id\":\"https:\\\/\\\/omplim.cat\\\/categoria\\\/assequibilitat\\\/#listItem\",\"name\":\"Assequibilitat\"}}]},{\"@type\":\"Organization\",\"@id\":\"https:\\\/\\\/omplim.cat\\\/es\\\/#organization\",\"name\":\"Omplim\",\"description\":\"Gesti\\u00f3 i edificaci\\u00f3 responsable\",\"url\":\"https:\\\/\\\/omplim.cat\\\/es\\\/\",\"logo\":{\"@type\":\"ImageObject\",\"url\":\"https:\\\/\\\/omplim.cat\\\/wp-content\\\/uploads\\\/2022\\\/11\\\/Logo-Omplim-negre.png\",\"@id\":\"https:\\\/\\\/omplim.cat\\\/es\\\/climate-strategy-partners-y-omplim\\\/#organizationLogo\",\"width\":276,\"height\":78},\"image\":{\"@id\":\"https:\\\/\\\/omplim.cat\\\/es\\\/climate-strategy-partners-y-omplim\\\/#organizationLogo\"}},{\"@type\":\"Person\",\"@id\":\"https:\\\/\\\/omplim.cat\\\/es\\\/author\\\/rocio\\\/#author\",\"url\":\"https:\\\/\\\/omplim.cat\\\/es\\\/author\\\/rocio\\\/\",\"name\":\"Roc\\u00edo\"},{\"@type\":\"WebPage\",\"@id\":\"https:\\\/\\\/omplim.cat\\\/es\\\/climate-strategy-partners-y-omplim\\\/#webpage\",\"url\":\"https:\\\/\\\/omplim.cat\\\/es\\\/climate-strategy-partners-y-omplim\\\/\",\"name\":\"Climate Strategy & Partners i Omplim | Omplim\",\"description\":\"El pasado 20 de octubre, nuestros compa\\u00f1eros y compa\\u00f1eras de Climate Strategy & Partners - consultora especializada en el estudio estrat\\u00e9gico para combatir el cambio clim\\u00e1tico - presentaron un informe sobre la acci\\u00f3n clim\\u00e1tica de las PIMES espa\\u00f1olas. Desde Omplim, tuvimos el enorme placer de participar tanto en el informe como en los actos de\",\"inLanguage\":\"es-ES\",\"isPartOf\":{\"@id\":\"https:\\\/\\\/omplim.cat\\\/es\\\/#website\"},\"breadcrumb\":{\"@id\":\"https:\\\/\\\/omplim.cat\\\/es\\\/climate-strategy-partners-y-omplim\\\/#breadcrumblist\"},\"author\":{\"@id\":\"https:\\\/\\\/omplim.cat\\\/es\\\/author\\\/rocio\\\/#author\"},\"creator\":{\"@id\":\"https:\\\/\\\/omplim.cat\\\/es\\\/author\\\/rocio\\\/#author\"},\"image\":{\"@type\":\"ImageObject\",\"url\":\"https:\\\/\\\/omplim.cat\\\/wp-content\\\/uploads\\\/2023\\\/02\\\/AdobeStock_325743338.jpg\",\"@id\":\"https:\\\/\\\/omplim.cat\\\/es\\\/climate-strategy-partners-y-omplim\\\/#mainImage\",\"width\":1056,\"height\":596},\"primaryImageOfPage\":{\"@id\":\"https:\\\/\\\/omplim.cat\\\/es\\\/climate-strategy-partners-y-omplim\\\/#mainImage\"},\"datePublished\":\"2022-10-26T12:26:11+00:00\",\"dateModified\":\"2025-06-25T09:30:43+00:00\"},{\"@type\":\"WebSite\",\"@id\":\"https:\\\/\\\/omplim.cat\\\/es\\\/#website\",\"url\":\"https:\\\/\\\/omplim.cat\\\/es\\\/\",\"name\":\"Omplim\",\"description\":\"Gesti\\u00f3 i edificaci\\u00f3 responsable\",\"inLanguage\":\"es-ES\",\"publisher\":{\"@id\":\"https:\\\/\\\/omplim.cat\\\/es\\\/#organization\"}}]}\n\t\t<\/script>\n\t\t<!-- All in One SEO -->\n\n","aioseo_head_json":{"title":"Climate Strategy & Partners i Omplim | Omplim","description":"El pasado 20 de octubre, nuestros compa\u00f1eros y compa\u00f1eras de Climate Strategy & Partners - consultora especializada en el estudio estrat\u00e9gico para combatir el cambio clim\u00e1tico - presentaron un informe sobre la acci\u00f3n clim\u00e1tica de las PIMES espa\u00f1olas. Desde Omplim, tuvimos el enorme placer de participar tanto en el informe como en los actos de","canonical_url":"https:\/\/omplim.cat\/es\/climate-strategy-partners-y-omplim\/","robots":"max-image-preview:large","keywords":"","webmasterTools":{"miscellaneous":""},"schema":{"@context":"https:\/\/schema.org","@graph":[{"@type":"BlogPosting","@id":"https:\/\/omplim.cat\/es\/climate-strategy-partners-y-omplim\/#blogposting","name":"Climate Strategy & Partners i Omplim | Omplim","headline":"Climate Strategy &amp; Partners i Omplim","author":{"@id":"https:\/\/omplim.cat\/es\/author\/rocio\/#author"},"publisher":{"@id":"https:\/\/omplim.cat\/es\/#organization"},"image":{"@type":"ImageObject","url":"https:\/\/omplim.cat\/wp-content\/uploads\/2023\/02\/AdobeStock_325743338.jpg","width":1056,"height":596},"datePublished":"2022-10-26T12:26:11+00:00","dateModified":"2025-06-25T09:30:43+00:00","inLanguage":"es-ES","mainEntityOfPage":{"@id":"https:\/\/omplim.cat\/es\/climate-strategy-partners-y-omplim\/#webpage"},"isPartOf":{"@id":"https:\/\/omplim.cat\/es\/climate-strategy-partners-y-omplim\/#webpage"},"articleSection":"Assequibilitat, Cadena de valor justa, Sostenibilidad ambiental, Opcional"},{"@type":"BreadcrumbList","@id":"https:\/\/omplim.cat\/es\/climate-strategy-partners-y-omplim\/#breadcrumblist","itemListElement":[{"@type":"ListItem","@id":"https:\/\/omplim.cat\/es\/#listItem","position":1,"name":"Home","item":"https:\/\/omplim.cat\/es\/","nextItem":{"@type":"ListItem","@id":"https:\/\/omplim.cat\/categoria\/assequibilitat\/#listItem","name":"Assequibilitat"}},{"@type":"ListItem","@id":"https:\/\/omplim.cat\/categoria\/assequibilitat\/#listItem","position":2,"name":"Assequibilitat","item":"https:\/\/omplim.cat\/categoria\/assequibilitat\/","nextItem":{"@type":"ListItem","@id":"https:\/\/omplim.cat\/es\/climate-strategy-partners-y-omplim\/#listItem","name":"Climate Strategy &amp; Partners i Omplim"},"previousItem":{"@type":"ListItem","@id":"https:\/\/omplim.cat\/es\/#listItem","name":"Home"}},{"@type":"ListItem","@id":"https:\/\/omplim.cat\/es\/climate-strategy-partners-y-omplim\/#listItem","position":3,"name":"Climate Strategy &amp; Partners i Omplim","previousItem":{"@type":"ListItem","@id":"https:\/\/omplim.cat\/categoria\/assequibilitat\/#listItem","name":"Assequibilitat"}}]},{"@type":"Organization","@id":"https:\/\/omplim.cat\/es\/#organization","name":"Omplim","description":"Gesti\u00f3 i edificaci\u00f3 responsable","url":"https:\/\/omplim.cat\/es\/","logo":{"@type":"ImageObject","url":"https:\/\/omplim.cat\/wp-content\/uploads\/2022\/11\/Logo-Omplim-negre.png","@id":"https:\/\/omplim.cat\/es\/climate-strategy-partners-y-omplim\/#organizationLogo","width":276,"height":78},"image":{"@id":"https:\/\/omplim.cat\/es\/climate-strategy-partners-y-omplim\/#organizationLogo"}},{"@type":"Person","@id":"https:\/\/omplim.cat\/es\/author\/rocio\/#author","url":"https:\/\/omplim.cat\/es\/author\/rocio\/","name":"Roc\u00edo"},{"@type":"WebPage","@id":"https:\/\/omplim.cat\/es\/climate-strategy-partners-y-omplim\/#webpage","url":"https:\/\/omplim.cat\/es\/climate-strategy-partners-y-omplim\/","name":"Climate Strategy & Partners i Omplim | Omplim","description":"El pasado 20 de octubre, nuestros compa\u00f1eros y compa\u00f1eras de Climate Strategy & Partners - consultora especializada en el estudio estrat\u00e9gico para combatir el cambio clim\u00e1tico - presentaron un informe sobre la acci\u00f3n clim\u00e1tica de las PIMES espa\u00f1olas. Desde Omplim, tuvimos el enorme placer de participar tanto en el informe como en los actos de","inLanguage":"es-ES","isPartOf":{"@id":"https:\/\/omplim.cat\/es\/#website"},"breadcrumb":{"@id":"https:\/\/omplim.cat\/es\/climate-strategy-partners-y-omplim\/#breadcrumblist"},"author":{"@id":"https:\/\/omplim.cat\/es\/author\/rocio\/#author"},"creator":{"@id":"https:\/\/omplim.cat\/es\/author\/rocio\/#author"},"image":{"@type":"ImageObject","url":"https:\/\/omplim.cat\/wp-content\/uploads\/2023\/02\/AdobeStock_325743338.jpg","@id":"https:\/\/omplim.cat\/es\/climate-strategy-partners-y-omplim\/#mainImage","width":1056,"height":596},"primaryImageOfPage":{"@id":"https:\/\/omplim.cat\/es\/climate-strategy-partners-y-omplim\/#mainImage"},"datePublished":"2022-10-26T12:26:11+00:00","dateModified":"2025-06-25T09:30:43+00:00"},{"@type":"WebSite","@id":"https:\/\/omplim.cat\/es\/#website","url":"https:\/\/omplim.cat\/es\/","name":"Omplim","description":"Gesti\u00f3 i edificaci\u00f3 responsable","inLanguage":"es-ES","publisher":{"@id":"https:\/\/omplim.cat\/es\/#organization"}}]},"og:locale":"es_ES","og:site_name":"Omplim | Gesti\u00f3 i edificaci\u00f3 responsable","og:type":"article","og:title":"Climate Strategy &amp; Partners i Omplim | Omplim","og:description":"El pasado 20 de octubre, nuestros compa\u00f1eros y compa\u00f1eras de Climate Strategy &amp; Partners - consultora especializada en el estudio estrat\u00e9gico para combatir el cambio clim\u00e1tico - presentaron un informe sobre la acci\u00f3n clim\u00e1tica de las PIMES espa\u00f1olas. Desde Omplim, tuvimos el enorme placer de participar tanto en el informe como en los actos de","og:url":"https:\/\/omplim.cat\/es\/climate-strategy-partners-y-omplim\/","og:image":"https:\/\/omplim.cat\/wp-content\/uploads\/2022\/11\/cropped-Logo-Omplim-negre-1.png","og:image:secure_url":"https:\/\/omplim.cat\/wp-content\/uploads\/2022\/11\/cropped-Logo-Omplim-negre-1.png","og:image:width":276,"og:image:height":78,"article:published_time":"2022-10-26T12:26:11+00:00","article:modified_time":"2025-06-25T09:30:43+00:00","twitter:card":"summary_large_image","twitter:title":"Climate Strategy &amp; Partners i Omplim | Omplim","twitter:description":"El pasado 20 de octubre, nuestros compa\u00f1eros y compa\u00f1eras de Climate Strategy &amp; Partners - consultora especializada en el estudio estrat\u00e9gico para combatir el cambio clim\u00e1tico - presentaron un informe sobre la acci\u00f3n clim\u00e1tica de las PIMES espa\u00f1olas. Desde Omplim, tuvimos el enorme placer de participar tanto en el informe como en los actos de","twitter:image":"https:\/\/omplim.cat\/wp-content\/uploads\/2022\/11\/cropped-Logo-Omplim-negre-1.png"},"aioseo_meta_data":{"post_id":"13651","title":null,"description":null,"keywords":null,"keyphrases":null,"primary_term":null,"canonical_url":null,"og_title":null,"og_description":null,"og_object_type":"default","og_image_type":"default","og_image_url":null,"og_image_width":null,"og_image_height":null,"og_image_custom_url":null,"og_image_custom_fields":null,"og_video":"","og_custom_url":null,"og_article_section":null,"og_article_tags":null,"twitter_use_og":false,"twitter_card":"default","twitter_image_type":"default","twitter_image_url":null,"twitter_image_custom_url":null,"twitter_image_custom_fields":null,"twitter_title":null,"twitter_description":null,"schema":{"blockGraphs":[],"customGraphs":[],"default":{"data":{"Article":[],"Course":[],"Dataset":[],"FAQPage":[],"Movie":[],"Person":[],"Product":[],"ProductReview":[],"Car":[],"Recipe":[],"Service":[],"SoftwareApplication":[],"WebPage":[]},"graphName":"","isEnabled":true},"graphs":[]},"schema_type":"default","schema_type_options":null,"pillar_content":false,"robots_default":true,"robots_noindex":false,"robots_noarchive":false,"robots_nosnippet":false,"robots_nofollow":false,"robots_noimageindex":false,"robots_noodp":false,"robots_notranslate":false,"robots_max_snippet":"-1","robots_max_videopreview":"-1","robots_max_imagepreview":"large","priority":null,"frequency":"default","local_seo":null,"breadcrumb_settings":null,"limit_modified_date":false,"ai":null,"created":"2023-05-16 10:08:36","updated":"2025-07-25 12:28:23","seo_analyzer_scan_date":null,"focus_keyword":null,"additional_keywords":null,"truseo_locale":null},"aioseo_breadcrumb":"<div class=\"aioseo-breadcrumbs\"><span class=\"aioseo-breadcrumb\">\n\t\t\t<a href=\"https:\/\/omplim.cat\/es\/\" title=\"Home\">Home<\/a>\n\t\t<\/span><span class=\"aioseo-breadcrumb-separator\">&raquo;<\/span><span class=\"aioseo-breadcrumb\">\n\t\t\t<a href=\"https:\/\/omplim.cat\/categoria\/assequibilitat\/\" title=\"Assequibilitat\">Assequibilitat<\/a>\n\t\t<\/span><span class=\"aioseo-breadcrumb-separator\">&raquo;<\/span><span class=\"aioseo-breadcrumb\">\n\t\t\tClimate Strategy &amp; Partners i Omplim\n\t\t<\/span><\/div>","aioseo_breadcrumb_json":[{"label":"Home","link":"https:\/\/omplim.cat\/es\/"},{"label":"Assequibilitat","link":"https:\/\/omplim.cat\/categoria\/assequibilitat\/"},{"label":"Climate Strategy &amp; Partners i Omplim","link":"https:\/\/omplim.cat\/es\/climate-strategy-partners-y-omplim\/"}],"_links":{"self":[{"href":"https:\/\/omplim.cat\/es\/wp-json\/wp\/v2\/posts\/13651","targetHints":{"allow":["GET"]}}],"collection":[{"href":"https:\/\/omplim.cat\/es\/wp-json\/wp\/v2\/posts"}],"about":[{"href":"https:\/\/omplim.cat\/es\/wp-json\/wp\/v2\/types\/post"}],"author":[{"embeddable":true,"href":"https:\/\/omplim.cat\/es\/wp-json\/wp\/v2\/users\/6"}],"replies":[{"embeddable":true,"href":"https:\/\/omplim.cat\/es\/wp-json\/wp\/v2\/comments?post=13651"}],"version-history":[{"count":0,"href":"https:\/\/omplim.cat\/es\/wp-json\/wp\/v2\/posts\/13651\/revisions"}],"wp:featuredmedia":[{"embeddable":true,"href":"https:\/\/omplim.cat\/es\/wp-json\/wp\/v2\/media\/13559"}],"wp:attachment":[{"href":"https:\/\/omplim.cat\/es\/wp-json\/wp\/v2\/media?parent=13651"}],"wp:term":[{"taxonomy":"category","embeddable":true,"href":"https:\/\/omplim.cat\/es\/wp-json\/wp\/v2\/categories?post=13651"},{"taxonomy":"post_tag","embeddable":true,"href":"https:\/\/omplim.cat\/es\/wp-json\/wp\/v2\/tags?post=13651"}],"curies":[{"name":"wp","href":"https:\/\/api.w.org\/{rel}","templated":true}]}}