{"id":12854,"date":"2020-01-15T18:37:09","date_gmt":"2020-01-15T18:37:09","guid":{"rendered":"https:\/\/omplim.cat\/la-primera-convocatoria-de-ayuda-social-de-omplim\/"},"modified":"2023-02-16T10:32:46","modified_gmt":"2023-02-16T10:32:46","slug":"la-primera-convocatoria-de-ayuda-social-de-omplim","status":"publish","type":"post","link":"https:\/\/omplim.cat\/es\/la-primera-convocatoria-de-ayuda-social-de-omplim\/","title":{"rendered":"La primera convocatoria de ayuda social de Omplim."},"content":{"rendered":"<h2><span style=\"font-weight: 400;\">El pasado curso 2019-20 organizamos nuestra primera convocatoria de ayuda social en Cardedeu. Esta se dirig\u00eda a entidades que implementaran proyectos de acci\u00f3n social en el municipio, cumpliendo as\u00ed con nuestro prop\u00f3sito de buscar el impacto positivo all\u00e1 donde desarrollemos nuestra actividad. Finalmente, el 4 de diciembre de 2019 se escogi\u00f3, entre 9 proyectos participantes, la propuesta <\/span><i><span style=\"font-weight: 400;\">Escola Sostenible, Mil\u00b7lenari Responsable<\/span><\/i><span style=\"font-weight: 400;\"> como la ganadora. <\/span><\/h2>\n<p>&nbsp;<\/p>\n<p><span style=\"font-weight: 400;\">Desde <a href=\"https:\/\/omplim.cat\/com-ho-fem\/\">nuestro compromiso fundacional<\/a> de buscar y participar en <strong>proyectos de acci\u00f3n social y ambiental<\/strong> all\u00e1 donde desarrollamos nuestra actividad, el pasado curso 2019-20 organizamos la primera convocatoria de ayuda social por el proyecto de 19 viviendas que llevamos a cabo en Cardedeu. El proceso de la convocatoria fue posible gracias a <span style=\"color: #3f5f9d;\"><a style=\"color: #3f5f9d;\" href=\"https:\/\/ingenieriasocial.es\/ca\/\"><strong>Ingenier\u00eda Social<\/strong><\/a><\/span>, organizaci\u00f3n que despleg\u00f3 todo el proceso de ayuda social, desde la elaboraci\u00f3n de las bases, lanzamiento del concurso, estudio de cada proyecto, hasta la selecci\u00f3n de los 5 semifinalistas. A partir de aqu\u00ed, el Consejo Asesor de Omplim escogi\u00f3 3 proyectos finalistas y fueron los habitantes de esta promoci\u00f3n desarrollada en Cardedeu, los que decidieron cu\u00e1l ser\u00eda el proyecto que recibir\u00eda 10.000\u20ac por su financiaci\u00f3n. <\/span><\/p>\n<p>&nbsp;<\/p>\n<h3><b>Los tres proyectos finalistas<\/b><\/h3>\n<p><b><i>Escola Sostenible, Mil\u00b7lenari Responsable<\/i><\/b><span style=\"font-weight: 400;\"> (<strong><span style=\"color: #3f5f9d;\">AFA<\/span> <span style=\"color: #3f5f9d;\">Escola P\u00fablica Mil\u00b7lenari<\/span><\/strong>). \u201cDesde la AFA entendemos que la escuela, como espacio de formaci\u00f3n de nuevos ciudadanos, tiene que liderar y seguir una l\u00ednea estrat\u00e9gica clara hacia la <strong>ambientalizaci\u00f3n<\/strong>, en la que participen el conjunto de la <strong>comunidad educativa<\/strong>, desde los <strong>alumnos<\/strong>, al <strong>profesorado<\/strong> y las <strong>familias<\/strong>. Es por eso que proponemos una serie de actuaciones de <strong>educaci\u00f3n ambiental<\/strong> que se empezar\u00e1n a implementar durante el presente curso (2019-20)\u201d. <\/span><\/p>\n<p>&nbsp;<\/p>\n<p><b><i>El Jard\u00ed dels sentits d&#8217;Esbiosfera <\/i><\/b><span style=\"font-weight: 400;\">(<a href=\"https:\/\/www.cardedeu.cat\/el-municipi\/entitats-i-associacions\/associacio-cultural-letras-comprometidas.html\"><span style=\"color: #3f5f9d;\"><strong>Asociaci\u00f3n Cardedeu por un mundo mejor<\/strong><\/span><\/a>): \u201cCon este proyecto queremos revalorizar nuestro <strong>espacio de plantas<\/strong> arom\u00e1ticas donde el aprendizaje y la vivencia al aire libre sea una experiencia enriquecedora para todos los sentidos sensoriales: el sentido del tacto, del olfato, del gusto, del o\u00eddo, de la vista y, por qu\u00e9 no, tambi\u00e9n incluir el sentido de las emociones\u201d.<\/span><\/p>\n<p>&nbsp;<\/p>\n<p><b><i>Nova resid\u00e8ncia-llar per a persones amb discapacitat intel\u00b7lectual <\/i><\/b><span style=\"font-weight: 400;\">(<a href=\"https:\/\/www.vivelloc.cat\/es\/noticies\/llar-lluisa-oller-presentacio\/\"><span style=\"color: #3f5f9d;\"><strong>Fundaci\u00f3 Lluisa Oller<\/strong><\/span><\/a>): Construcci\u00f3n de una nueva <strong>residencia-hogar<\/strong> en Cardedeu con capacidad de 12 plazas para <strong>personas con discapacidad intelectual y\/o trastorno mental<\/strong> severo de la comarca del Vall\u00e8s Oriental.<\/span><\/p>\n<p>&nbsp;<\/p>\n<p><span style=\"font-weight: 400;\">Todos los actores involucrados en la convocatoria se reunieron el 4 de diciembre de 2019 en un acontecimiento donde los tres proyectos finalistas defendieron su propuesta ante el jurado. Este decidi\u00f3, finalmente, que el proyecto ganador ser\u00eda <\/span><i><span style=\"font-weight: 400;\">Escola Sostenible, Mil\u00b7lenari responsable<\/span><\/i><span style=\"font-weight: 400;\"> de L\u2019AFA de l\u2019Escola P\u00fablica Mil\u00b7lenari. <\/span><\/p>\n<p>&nbsp;<\/p>\n<h3><b>El proyecto ganador: Escola Sostenible, Mil\u00b7lenari Responsable<\/b><\/h3>\n<p><span style=\"font-weight: 400;\">Desde L\u2019AFA de l\u2019escola Mil\u00b7lenari de Cardedeu ten\u00edan el objetivo de ayudar a <strong>ambientalizar el centro<\/strong>, cambiando y consolidando unos nuevos h\u00e1bitos, generando reflexi\u00f3n y avanzando hacia una <strong>escuela sostenible<\/strong>. Para conseguirlo propusieron una serie de <strong>actuaciones de educaci\u00f3n ambiental<\/strong> que se empezar\u00edan a implementar durante el curso 2019-20. <\/span><\/p>\n<p>&nbsp;<\/p>\n<h4><b>\u00bfCu\u00e1les son estas actuaciones?<\/b><\/h4>\n<p>&nbsp;<\/p>\n<ul>\n<li aria-level=\"1\"><b>Patio verde: <\/b><span style=\"font-weight: 400;\">naturalizar el patio con el objetivo de <strong>mejorar la biodiversidad<\/strong> del entorno escolar, facilitar el desarrollo de <strong>actividades de educaci\u00f3n ambiental<\/strong> y aumentar las posibilidades l\u00fadico-educativas del patio. Algunas de las actividades propuestas son: creaci\u00f3n de un <strong>comedor de p\u00e1jaros<\/strong>, <strong>cajas-nido<\/strong> para p\u00e1jaros y murci\u00e9lagos, <strong>hotel de insectos<\/strong>, creaci\u00f3n de un <strong>jard\u00edn de mariposas<\/strong>, etc.<\/span><\/li>\n<\/ul>\n<ul>\n<li style=\"font-weight: 400;\" aria-level=\"1\"><b>Eco-lote para fiestas sostenibles<\/b><span style=\"font-weight: 400;\">: para eliminar los platos y vasos de pl\u00e1stico de un solo uso en todas las celebraciones escolares, se propone la compra de lotes de vasos, platos, bandejas y boles reutilizables.<\/span><\/li>\n<li style=\"font-weight: 400;\" aria-level=\"1\"><b>Campa\u00f1a de eliminaci\u00f3n de vasos y envases desechables:<\/b> <span style=\"font-weight: 400;\">realizaci\u00f3n de una <strong>campa\u00f1a de sensibilizaci\u00f3n<\/strong> en toda la comunidad educativa sobre la necesidad de eliminar la utilizaci\u00f3n de vasos, botellas de pl\u00e1stico y otros envases desechables.<\/span><\/li>\n<li style=\"font-weight: 400;\" aria-level=\"1\"><b>Puntos verdes escolares<\/b><span style=\"font-weight: 400;\">: para conseguir una <strong>separaci\u00f3n de residuos<\/strong> \u00f3ptima en la escuela, se propone la instalaci\u00f3n de m\u00e1s <strong>puntos verdes<\/strong> por todo el centro. En estos puntos, aparte de la recogida de los t\u00edpicos residuos que se pueden generar en la escuela, tambi\u00e9n se quer\u00eda a\u00f1adir la <strong>recogida de residuos especiales<\/strong> como pilas y aceite vegetal de cocina. <\/span><\/li>\n<li style=\"font-weight: 400;\" aria-level=\"1\"><b>Auditoria escuela verde<\/b><span style=\"font-weight: 400;\">: con el objetivo de analizar el conjunto del ecosistema escolar, AFA quer\u00eda comenzar una comisi\u00f3n con familias, maestras y ni\u00f1os para liderar la asamblea <strong>escuela verde<\/strong>. Esta se encargar\u00e1 de llevar a cabo una auditor\u00eda que analice el desarrollo del centro en cuanto a la <strong>sostenibilidad<\/strong>.<\/span><\/li>\n<li style=\"font-weight: 400;\" aria-level=\"1\"><b>Mejora ac\u00fastica<\/b><span style=\"font-weight: 400;\">: instalaci\u00f3n de <strong>paneles ac\u00fasticos<\/strong> en el comedor para reducir la <strong>contaminaci\u00f3n sonora<\/strong> y lograr un ambiente m\u00e1s agradable, tranquilo y saludable.<\/span><\/li>\n<\/ul>\n<p>&nbsp;<\/p>\n<p><span style=\"font-weight: 400;\">Desde Omplim queremos felicitar a todas las entidades que presentaron sus proyectos por el trabajo hecho y por el compromiso de estas con sus comunidades. <\/span><\/p>\n","protected":false},"excerpt":{"rendered":"<p>El pasado curso 2019-20 organizamos nuestra primera convocatoria de ayuda social en Cardedeu. Esta se dirig\u00eda a entidades que implementaran proyectos de acci\u00f3n social en el municipio, cumpliendo as\u00ed con nuestro prop\u00f3sito de buscar el impacto positivo all\u00e1 donde desarrollemos nuestra actividad. Finalmente, el 4 de diciembre de 2019 se escogi\u00f3, entre 9 proyectos participantes, [&hellip;]<\/p>\n","protected":false},"author":6,"featured_media":11920,"comment_status":"open","ping_status":"open","sticky":false,"template":"","format":"standard","meta":{"_acf_changed":false,"content-type":"","_mo_disable_npp":"","footnotes":""},"categories":[57],"tags":[],"class_list":["post-12854","post","type-post","status-publish","format-standard","has-post-thumbnail","hentry","category-impacto-comunitario"],"acf":[],"aioseo_notices":[],"aioseo_head":"\n\t\t<!-- All in One SEO 5.0.1.1 - aioseo.com -->\n\t<meta name=\"description\" content=\"El pasado curso 2019-20 organizamos nuestra primera convocatoria de ayuda social en Cardedeu. Esta se dirig\u00eda a entidades que implementaran proyectos de acci\u00f3n social en el municipio, cumpliendo as\u00ed con nuestro prop\u00f3sito de buscar el impacto positivo all\u00e1 donde desarrollemos nuestra actividad. Finalmente, el 4 de diciembre de 2019 se escogi\u00f3, entre 9 proyectos participantes,\" \/>\n\t<meta name=\"robots\" content=\"max-image-preview:large\" \/>\n\t<meta name=\"author\" content=\"Roc\u00edo\"\/>\n\t<link rel=\"canonical\" href=\"https:\/\/omplim.cat\/es\/la-primera-convocatoria-de-ayuda-social-de-omplim\/\" \/>\n\t<meta name=\"generator\" content=\"All in One SEO (AIOSEO) 5.0.1.1\" \/>\n\t\t<meta property=\"og:locale\" content=\"es_ES\" \/>\n\t\t<meta property=\"og:site_name\" content=\"Omplim | Gesti\u00f3 i edificaci\u00f3 responsable\" \/>\n\t\t<meta property=\"og:type\" content=\"article\" \/>\n\t\t<meta property=\"og:title\" content=\"La primera convocatoria de ayuda social de Omplim. | Omplim\" \/>\n\t\t<meta property=\"og:description\" content=\"El pasado curso 2019-20 organizamos nuestra primera convocatoria de ayuda social en Cardedeu. Esta se dirig\u00eda a entidades que implementaran proyectos de acci\u00f3n social en el municipio, cumpliendo as\u00ed con nuestro prop\u00f3sito de buscar el impacto positivo all\u00e1 donde desarrollemos nuestra actividad. Finalmente, el 4 de diciembre de 2019 se escogi\u00f3, entre 9 proyectos participantes,\" \/>\n\t\t<meta property=\"og:url\" content=\"https:\/\/omplim.cat\/es\/la-primera-convocatoria-de-ayuda-social-de-omplim\/\" \/>\n\t\t<meta property=\"og:image\" content=\"https:\/\/omplim.cat\/wp-content\/uploads\/2022\/11\/cropped-Logo-Omplim-negre-1.png\" \/>\n\t\t<meta property=\"og:image:secure_url\" content=\"https:\/\/omplim.cat\/wp-content\/uploads\/2022\/11\/cropped-Logo-Omplim-negre-1.png\" \/>\n\t\t<meta property=\"og:image:width\" content=\"276\" \/>\n\t\t<meta property=\"og:image:height\" content=\"78\" \/>\n\t\t<meta property=\"article:published_time\" content=\"2020-01-15T18:37:09+00:00\" \/>\n\t\t<meta property=\"article:modified_time\" content=\"2023-02-16T10:32:46+00:00\" \/>\n\t\t<meta name=\"twitter:card\" content=\"summary_large_image\" \/>\n\t\t<meta name=\"twitter:title\" content=\"La primera convocatoria de ayuda social de Omplim. | Omplim\" \/>\n\t\t<meta name=\"twitter:description\" content=\"El pasado curso 2019-20 organizamos nuestra primera convocatoria de ayuda social en Cardedeu. Esta se dirig\u00eda a entidades que implementaran proyectos de acci\u00f3n social en el municipio, cumpliendo as\u00ed con nuestro prop\u00f3sito de buscar el impacto positivo all\u00e1 donde desarrollemos nuestra actividad. Finalmente, el 4 de diciembre de 2019 se escogi\u00f3, entre 9 proyectos participantes,\" \/>\n\t\t<meta name=\"twitter:image\" content=\"https:\/\/omplim.cat\/wp-content\/uploads\/2022\/11\/cropped-Logo-Omplim-negre-1.png\" \/>\n\t\t<script type=\"application\/ld+json\" class=\"aioseo-schema\">\n\t\t\t{\"@context\":\"https:\\\/\\\/schema.org\",\"@graph\":[{\"@type\":\"BlogPosting\",\"@id\":\"https:\\\/\\\/omplim.cat\\\/es\\\/la-primera-convocatoria-de-ayuda-social-de-omplim\\\/#blogposting\",\"name\":\"La primera convocatoria de ayuda social de Omplim. | Omplim\",\"headline\":\"La primera convocatoria de ayuda social de Omplim.\",\"author\":{\"@id\":\"https:\\\/\\\/omplim.cat\\\/es\\\/author\\\/rocio\\\/#author\"},\"publisher\":{\"@id\":\"https:\\\/\\\/omplim.cat\\\/es\\\/#organization\"},\"image\":{\"@type\":\"ImageObject\",\"url\":\"https:\\\/\\\/omplim.cat\\\/wp-content\\\/uploads\\\/2022\\\/11\\\/escola-sostenible.png\",\"width\":1056,\"height\":596,\"caption\":\"ajut social Cardedeu\"},\"datePublished\":\"2020-01-15T18:37:09+00:00\",\"dateModified\":\"2023-02-16T10:32:46+00:00\",\"inLanguage\":\"es-ES\",\"mainEntityOfPage\":{\"@id\":\"https:\\\/\\\/omplim.cat\\\/es\\\/la-primera-convocatoria-de-ayuda-social-de-omplim\\\/#webpage\"},\"isPartOf\":{\"@id\":\"https:\\\/\\\/omplim.cat\\\/es\\\/la-primera-convocatoria-de-ayuda-social-de-omplim\\\/#webpage\"},\"articleSection\":\"Impacto comunitario, Opcional\"},{\"@type\":\"BreadcrumbList\",\"@id\":\"https:\\\/\\\/omplim.cat\\\/es\\\/la-primera-convocatoria-de-ayuda-social-de-omplim\\\/#breadcrumblist\",\"itemListElement\":[{\"@type\":\"ListItem\",\"@id\":\"https:\\\/\\\/omplim.cat\\\/es\\\/#listItem\",\"position\":1,\"name\":\"Home\",\"item\":\"https:\\\/\\\/omplim.cat\\\/es\\\/\",\"nextItem\":{\"@type\":\"ListItem\",\"@id\":\"https:\\\/\\\/omplim.cat\\\/es\\\/categoria\\\/impacto-comunitario\\\/#listItem\",\"name\":\"Impacto comunitario\"}},{\"@type\":\"ListItem\",\"@id\":\"https:\\\/\\\/omplim.cat\\\/es\\\/categoria\\\/impacto-comunitario\\\/#listItem\",\"position\":2,\"name\":\"Impacto comunitario\",\"item\":\"https:\\\/\\\/omplim.cat\\\/es\\\/categoria\\\/impacto-comunitario\\\/\",\"nextItem\":{\"@type\":\"ListItem\",\"@id\":\"https:\\\/\\\/omplim.cat\\\/es\\\/la-primera-convocatoria-de-ayuda-social-de-omplim\\\/#listItem\",\"name\":\"La primera convocatoria de ayuda social de Omplim.\"},\"previousItem\":{\"@type\":\"ListItem\",\"@id\":\"https:\\\/\\\/omplim.cat\\\/es\\\/#listItem\",\"name\":\"Home\"}},{\"@type\":\"ListItem\",\"@id\":\"https:\\\/\\\/omplim.cat\\\/es\\\/la-primera-convocatoria-de-ayuda-social-de-omplim\\\/#listItem\",\"position\":3,\"name\":\"La primera convocatoria de ayuda social de Omplim.\",\"previousItem\":{\"@type\":\"ListItem\",\"@id\":\"https:\\\/\\\/omplim.cat\\\/es\\\/categoria\\\/impacto-comunitario\\\/#listItem\",\"name\":\"Impacto comunitario\"}}]},{\"@type\":\"Organization\",\"@id\":\"https:\\\/\\\/omplim.cat\\\/es\\\/#organization\",\"name\":\"Omplim\",\"description\":\"Gesti\\u00f3 i edificaci\\u00f3 responsable\",\"url\":\"https:\\\/\\\/omplim.cat\\\/es\\\/\",\"logo\":{\"@type\":\"ImageObject\",\"url\":\"https:\\\/\\\/omplim.cat\\\/wp-content\\\/uploads\\\/2022\\\/11\\\/Logo-Omplim-negre.png\",\"@id\":\"https:\\\/\\\/omplim.cat\\\/es\\\/la-primera-convocatoria-de-ayuda-social-de-omplim\\\/#organizationLogo\",\"width\":276,\"height\":78},\"image\":{\"@id\":\"https:\\\/\\\/omplim.cat\\\/es\\\/la-primera-convocatoria-de-ayuda-social-de-omplim\\\/#organizationLogo\"}},{\"@type\":\"Person\",\"@id\":\"https:\\\/\\\/omplim.cat\\\/es\\\/author\\\/rocio\\\/#author\",\"url\":\"https:\\\/\\\/omplim.cat\\\/es\\\/author\\\/rocio\\\/\",\"name\":\"Roc\\u00edo\"},{\"@type\":\"WebPage\",\"@id\":\"https:\\\/\\\/omplim.cat\\\/es\\\/la-primera-convocatoria-de-ayuda-social-de-omplim\\\/#webpage\",\"url\":\"https:\\\/\\\/omplim.cat\\\/es\\\/la-primera-convocatoria-de-ayuda-social-de-omplim\\\/\",\"name\":\"La primera convocatoria de ayuda social de Omplim. | Omplim\",\"description\":\"El pasado curso 2019-20 organizamos nuestra primera convocatoria de ayuda social en Cardedeu. Esta se dirig\\u00eda a entidades que implementaran proyectos de acci\\u00f3n social en el municipio, cumpliendo as\\u00ed con nuestro prop\\u00f3sito de buscar el impacto positivo all\\u00e1 donde desarrollemos nuestra actividad. Finalmente, el 4 de diciembre de 2019 se escogi\\u00f3, entre 9 proyectos participantes,\",\"inLanguage\":\"es-ES\",\"isPartOf\":{\"@id\":\"https:\\\/\\\/omplim.cat\\\/es\\\/#website\"},\"breadcrumb\":{\"@id\":\"https:\\\/\\\/omplim.cat\\\/es\\\/la-primera-convocatoria-de-ayuda-social-de-omplim\\\/#breadcrumblist\"},\"author\":{\"@id\":\"https:\\\/\\\/omplim.cat\\\/es\\\/author\\\/rocio\\\/#author\"},\"creator\":{\"@id\":\"https:\\\/\\\/omplim.cat\\\/es\\\/author\\\/rocio\\\/#author\"},\"image\":{\"@type\":\"ImageObject\",\"url\":\"https:\\\/\\\/omplim.cat\\\/wp-content\\\/uploads\\\/2022\\\/11\\\/escola-sostenible.png\",\"@id\":\"https:\\\/\\\/omplim.cat\\\/es\\\/la-primera-convocatoria-de-ayuda-social-de-omplim\\\/#mainImage\",\"width\":1056,\"height\":596,\"caption\":\"ajut social Cardedeu\"},\"primaryImageOfPage\":{\"@id\":\"https:\\\/\\\/omplim.cat\\\/es\\\/la-primera-convocatoria-de-ayuda-social-de-omplim\\\/#mainImage\"},\"datePublished\":\"2020-01-15T18:37:09+00:00\",\"dateModified\":\"2023-02-16T10:32:46+00:00\"},{\"@type\":\"WebSite\",\"@id\":\"https:\\\/\\\/omplim.cat\\\/es\\\/#website\",\"url\":\"https:\\\/\\\/omplim.cat\\\/es\\\/\",\"name\":\"Omplim\",\"description\":\"Gesti\\u00f3 i edificaci\\u00f3 responsable\",\"inLanguage\":\"es-ES\",\"publisher\":{\"@id\":\"https:\\\/\\\/omplim.cat\\\/es\\\/#organization\"}}]}\n\t\t<\/script>\n\t\t<!-- All in One SEO -->\n\n","aioseo_head_json":{"title":"La primera convocatoria de ayuda social de Omplim. | Omplim","description":"El pasado curso 2019-20 organizamos nuestra primera convocatoria de ayuda social en Cardedeu. Esta se dirig\u00eda a entidades que implementaran proyectos de acci\u00f3n social en el municipio, cumpliendo as\u00ed con nuestro prop\u00f3sito de buscar el impacto positivo all\u00e1 donde desarrollemos nuestra actividad. Finalmente, el 4 de diciembre de 2019 se escogi\u00f3, entre 9 proyectos participantes,","canonical_url":"https:\/\/omplim.cat\/es\/la-primera-convocatoria-de-ayuda-social-de-omplim\/","robots":"max-image-preview:large","keywords":"","webmasterTools":{"miscellaneous":""},"schema":{"@context":"https:\/\/schema.org","@graph":[{"@type":"BlogPosting","@id":"https:\/\/omplim.cat\/es\/la-primera-convocatoria-de-ayuda-social-de-omplim\/#blogposting","name":"La primera convocatoria de ayuda social de Omplim. | Omplim","headline":"La primera convocatoria de ayuda social de Omplim.","author":{"@id":"https:\/\/omplim.cat\/es\/author\/rocio\/#author"},"publisher":{"@id":"https:\/\/omplim.cat\/es\/#organization"},"image":{"@type":"ImageObject","url":"https:\/\/omplim.cat\/wp-content\/uploads\/2022\/11\/escola-sostenible.png","width":1056,"height":596,"caption":"ajut social Cardedeu"},"datePublished":"2020-01-15T18:37:09+00:00","dateModified":"2023-02-16T10:32:46+00:00","inLanguage":"es-ES","mainEntityOfPage":{"@id":"https:\/\/omplim.cat\/es\/la-primera-convocatoria-de-ayuda-social-de-omplim\/#webpage"},"isPartOf":{"@id":"https:\/\/omplim.cat\/es\/la-primera-convocatoria-de-ayuda-social-de-omplim\/#webpage"},"articleSection":"Impacto comunitario, Opcional"},{"@type":"BreadcrumbList","@id":"https:\/\/omplim.cat\/es\/la-primera-convocatoria-de-ayuda-social-de-omplim\/#breadcrumblist","itemListElement":[{"@type":"ListItem","@id":"https:\/\/omplim.cat\/es\/#listItem","position":1,"name":"Home","item":"https:\/\/omplim.cat\/es\/","nextItem":{"@type":"ListItem","@id":"https:\/\/omplim.cat\/es\/categoria\/impacto-comunitario\/#listItem","name":"Impacto comunitario"}},{"@type":"ListItem","@id":"https:\/\/omplim.cat\/es\/categoria\/impacto-comunitario\/#listItem","position":2,"name":"Impacto comunitario","item":"https:\/\/omplim.cat\/es\/categoria\/impacto-comunitario\/","nextItem":{"@type":"ListItem","@id":"https:\/\/omplim.cat\/es\/la-primera-convocatoria-de-ayuda-social-de-omplim\/#listItem","name":"La primera convocatoria de ayuda social de Omplim."},"previousItem":{"@type":"ListItem","@id":"https:\/\/omplim.cat\/es\/#listItem","name":"Home"}},{"@type":"ListItem","@id":"https:\/\/omplim.cat\/es\/la-primera-convocatoria-de-ayuda-social-de-omplim\/#listItem","position":3,"name":"La primera convocatoria de ayuda social de Omplim.","previousItem":{"@type":"ListItem","@id":"https:\/\/omplim.cat\/es\/categoria\/impacto-comunitario\/#listItem","name":"Impacto comunitario"}}]},{"@type":"Organization","@id":"https:\/\/omplim.cat\/es\/#organization","name":"Omplim","description":"Gesti\u00f3 i edificaci\u00f3 responsable","url":"https:\/\/omplim.cat\/es\/","logo":{"@type":"ImageObject","url":"https:\/\/omplim.cat\/wp-content\/uploads\/2022\/11\/Logo-Omplim-negre.png","@id":"https:\/\/omplim.cat\/es\/la-primera-convocatoria-de-ayuda-social-de-omplim\/#organizationLogo","width":276,"height":78},"image":{"@id":"https:\/\/omplim.cat\/es\/la-primera-convocatoria-de-ayuda-social-de-omplim\/#organizationLogo"}},{"@type":"Person","@id":"https:\/\/omplim.cat\/es\/author\/rocio\/#author","url":"https:\/\/omplim.cat\/es\/author\/rocio\/","name":"Roc\u00edo"},{"@type":"WebPage","@id":"https:\/\/omplim.cat\/es\/la-primera-convocatoria-de-ayuda-social-de-omplim\/#webpage","url":"https:\/\/omplim.cat\/es\/la-primera-convocatoria-de-ayuda-social-de-omplim\/","name":"La primera convocatoria de ayuda social de Omplim. | Omplim","description":"El pasado curso 2019-20 organizamos nuestra primera convocatoria de ayuda social en Cardedeu. Esta se dirig\u00eda a entidades que implementaran proyectos de acci\u00f3n social en el municipio, cumpliendo as\u00ed con nuestro prop\u00f3sito de buscar el impacto positivo all\u00e1 donde desarrollemos nuestra actividad. Finalmente, el 4 de diciembre de 2019 se escogi\u00f3, entre 9 proyectos participantes,","inLanguage":"es-ES","isPartOf":{"@id":"https:\/\/omplim.cat\/es\/#website"},"breadcrumb":{"@id":"https:\/\/omplim.cat\/es\/la-primera-convocatoria-de-ayuda-social-de-omplim\/#breadcrumblist"},"author":{"@id":"https:\/\/omplim.cat\/es\/author\/rocio\/#author"},"creator":{"@id":"https:\/\/omplim.cat\/es\/author\/rocio\/#author"},"image":{"@type":"ImageObject","url":"https:\/\/omplim.cat\/wp-content\/uploads\/2022\/11\/escola-sostenible.png","@id":"https:\/\/omplim.cat\/es\/la-primera-convocatoria-de-ayuda-social-de-omplim\/#mainImage","width":1056,"height":596,"caption":"ajut social Cardedeu"},"primaryImageOfPage":{"@id":"https:\/\/omplim.cat\/es\/la-primera-convocatoria-de-ayuda-social-de-omplim\/#mainImage"},"datePublished":"2020-01-15T18:37:09+00:00","dateModified":"2023-02-16T10:32:46+00:00"},{"@type":"WebSite","@id":"https:\/\/omplim.cat\/es\/#website","url":"https:\/\/omplim.cat\/es\/","name":"Omplim","description":"Gesti\u00f3 i edificaci\u00f3 responsable","inLanguage":"es-ES","publisher":{"@id":"https:\/\/omplim.cat\/es\/#organization"}}]},"og:locale":"es_ES","og:site_name":"Omplim | Gesti\u00f3 i edificaci\u00f3 responsable","og:type":"article","og:title":"La primera convocatoria de ayuda social de Omplim. | Omplim","og:description":"El pasado curso 2019-20 organizamos nuestra primera convocatoria de ayuda social en Cardedeu. Esta se dirig\u00eda a entidades que implementaran proyectos de acci\u00f3n social en el municipio, cumpliendo as\u00ed con nuestro prop\u00f3sito de buscar el impacto positivo all\u00e1 donde desarrollemos nuestra actividad. Finalmente, el 4 de diciembre de 2019 se escogi\u00f3, entre 9 proyectos participantes,","og:url":"https:\/\/omplim.cat\/es\/la-primera-convocatoria-de-ayuda-social-de-omplim\/","og:image":"https:\/\/omplim.cat\/wp-content\/uploads\/2022\/11\/cropped-Logo-Omplim-negre-1.png","og:image:secure_url":"https:\/\/omplim.cat\/wp-content\/uploads\/2022\/11\/cropped-Logo-Omplim-negre-1.png","og:image:width":276,"og:image:height":78,"article:published_time":"2020-01-15T18:37:09+00:00","article:modified_time":"2023-02-16T10:32:46+00:00","twitter:card":"summary_large_image","twitter:title":"La primera convocatoria de ayuda social de Omplim. | Omplim","twitter:description":"El pasado curso 2019-20 organizamos nuestra primera convocatoria de ayuda social en Cardedeu. Esta se dirig\u00eda a entidades que implementaran proyectos de acci\u00f3n social en el municipio, cumpliendo as\u00ed con nuestro prop\u00f3sito de buscar el impacto positivo all\u00e1 donde desarrollemos nuestra actividad. Finalmente, el 4 de diciembre de 2019 se escogi\u00f3, entre 9 proyectos participantes,","twitter:image":"https:\/\/omplim.cat\/wp-content\/uploads\/2022\/11\/cropped-Logo-Omplim-negre-1.png"},"aioseo_meta_data":{"post_id":"12854","title":null,"description":null,"keywords":null,"keyphrases":null,"primary_term":null,"canonical_url":null,"og_title":null,"og_description":null,"og_object_type":"default","og_image_type":"default","og_image_url":null,"og_image_width":null,"og_image_height":null,"og_image_custom_url":null,"og_image_custom_fields":null,"og_video":null,"og_custom_url":null,"og_article_section":null,"og_article_tags":null,"twitter_use_og":false,"twitter_card":"default","twitter_image_type":"default","twitter_image_url":null,"twitter_image_custom_url":null,"twitter_image_custom_fields":null,"twitter_title":null,"twitter_description":null,"schema":{"blockGraphs":[],"customGraphs":[],"default":{"data":{"Article":[],"Course":[],"Dataset":[],"FAQPage":[],"Movie":[],"Person":[],"Product":[],"ProductReview":[],"Car":[],"Recipe":[],"Service":[],"SoftwareApplication":[],"WebPage":[]},"graphName":"","isEnabled":true},"graphs":[]},"schema_type":"default","schema_type_options":null,"pillar_content":false,"robots_default":true,"robots_noindex":false,"robots_noarchive":false,"robots_nosnippet":false,"robots_nofollow":false,"robots_noimageindex":false,"robots_noodp":false,"robots_notranslate":false,"robots_max_snippet":null,"robots_max_videopreview":null,"robots_max_imagepreview":"large","priority":null,"frequency":null,"local_seo":null,"breadcrumb_settings":null,"limit_modified_date":false,"ai":null,"created":"2023-05-16 10:07:11","updated":"2025-07-25 12:27:22","seo_analyzer_scan_date":null,"focus_keyword":null,"additional_keywords":null,"truseo_locale":null},"aioseo_breadcrumb":"<div class=\"aioseo-breadcrumbs\"><span class=\"aioseo-breadcrumb\">\n\t\t\t<a href=\"https:\/\/omplim.cat\/es\/\" title=\"Home\">Home<\/a>\n\t\t<\/span><span class=\"aioseo-breadcrumb-separator\">&raquo;<\/span><span class=\"aioseo-breadcrumb\">\n\t\t\t<a href=\"https:\/\/omplim.cat\/es\/categoria\/impacto-comunitario\/\" title=\"Impacto comunitario\">Impacto comunitario<\/a>\n\t\t<\/span><span class=\"aioseo-breadcrumb-separator\">&raquo;<\/span><span class=\"aioseo-breadcrumb\">\n\t\t\tLa primera convocatoria de ayuda social de Omplim.\n\t\t<\/span><\/div>","aioseo_breadcrumb_json":[{"label":"Home","link":"https:\/\/omplim.cat\/es\/"},{"label":"Impacto comunitario","link":"https:\/\/omplim.cat\/es\/categoria\/impacto-comunitario\/"},{"label":"La primera convocatoria de ayuda social de Omplim.","link":"https:\/\/omplim.cat\/es\/la-primera-convocatoria-de-ayuda-social-de-omplim\/"}],"_links":{"self":[{"href":"https:\/\/omplim.cat\/es\/wp-json\/wp\/v2\/posts\/12854","targetHints":{"allow":["GET"]}}],"collection":[{"href":"https:\/\/omplim.cat\/es\/wp-json\/wp\/v2\/posts"}],"about":[{"href":"https:\/\/omplim.cat\/es\/wp-json\/wp\/v2\/types\/post"}],"author":[{"embeddable":true,"href":"https:\/\/omplim.cat\/es\/wp-json\/wp\/v2\/users\/6"}],"replies":[{"embeddable":true,"href":"https:\/\/omplim.cat\/es\/wp-json\/wp\/v2\/comments?post=12854"}],"version-history":[{"count":0,"href":"https:\/\/omplim.cat\/es\/wp-json\/wp\/v2\/posts\/12854\/revisions"}],"wp:featuredmedia":[{"embeddable":true,"href":"https:\/\/omplim.cat\/es\/wp-json\/wp\/v2\/media\/11920"}],"wp:attachment":[{"href":"https:\/\/omplim.cat\/es\/wp-json\/wp\/v2\/media?parent=12854"}],"wp:term":[{"taxonomy":"category","embeddable":true,"href":"https:\/\/omplim.cat\/es\/wp-json\/wp\/v2\/categories?post=12854"},{"taxonomy":"post_tag","embeddable":true,"href":"https:\/\/omplim.cat\/es\/wp-json\/wp\/v2\/tags?post=12854"}],"curies":[{"name":"wp","href":"https:\/\/api.w.org\/{rel}","templated":true}]}}