{"id":12849,"date":"2022-05-15T16:28:44","date_gmt":"2022-05-15T16:28:44","guid":{"rendered":"https:\/\/omplim.cat\/dejamos-huella\/"},"modified":"2023-02-27T08:23:16","modified_gmt":"2023-02-27T08:23:16","slug":"dejamos-huella","status":"publish","type":"post","link":"https:\/\/omplim.cat\/es\/dejamos-huella\/","title":{"rendered":"\u00a1Dejamos huella!"},"content":{"rendered":"<h3><span style=\"font-weight: 400;\">En el curso 21-22 impulsamos un proyecto con el objetivo de restaurar un metro cuadrado de <strong>espacios naturales<\/strong> por cada uno que edificara Omplim en los alrededores de <strong>Montcada i Reixac,<\/strong> y que incorporara una voluntad de formaci\u00f3n ambiental a trav\u00e9s de las <strong>Escoles Verdes<\/strong> del municipio.<\/span><\/h3>\n<p><span style=\"font-weight: 400;\">El pasado curso 21-22 vamos a impulsar, en el marco del convenio de colaboraci\u00f3n <\/span><span style=\"color: #8088ef;\"><a style=\"color: #8088ef;\" href=\"https:\/\/omplim.cat\/metre2-construit-metre2-restaurat\/\" target=\"_blank\" rel=\"noopener\"><b><span style=\"color: #3f5f9d;\">m2 construido m2 recuperado<\/span><\/b><\/a><\/span><span style=\"font-weight: 400;\"> con la <\/span><span style=\"color: #3f5f9d;\"><strong><a style=\"color: #3f5f9d;\" href=\"https:\/\/xcn.cat\/\" target=\"_blank\" rel=\"noopener\">Xarxa per a la Conservaci\u00f3 de la Natura (XCN) <\/a><\/strong><\/span><span style=\"font-weight: 400;\">y <\/span><span style=\"color: #3f5f9d;\"><strong><a style=\"color: #3f5f9d;\" href=\"https:\/\/www.teambuildingconcept.com\/es\/\" target=\"_blank\" rel=\"noopener\">Concep&#8217;t<\/a><\/strong><\/span><span style=\"font-weight: 400;\">, un proyecto que ayud\u00f3 a <strong>restaurar espacios naturales<\/strong> de gran valor ecol\u00f3gico en Montcada i Reixac. A la vez, el proyecto foment\u00f3 la implicaci\u00f3n ciudadana haciendo part\u00edcipes a ni\u00f1os y j\u00f3venes a trav\u00e9s de las escuelas verdes del municipio. <\/span><\/p>\n<h4><b>Escoles Verdes, La Horda y Som-rius, dinamizadores y piezas claves para la recuperaci\u00f3n de 3500 m\u00b2 de vegetaci\u00f3n de la ribera del r\u00edo Bes\u00f2s a su paso por Montcada.<\/b><\/h4>\n<p><span style=\"font-weight: 400;\">La dinamizaci\u00f3n de la formaci\u00f3n ambiental estuvo asegurada por parte de las Escoles Verdes, programa del <strong>Departamento de Acci\u00f3 Clim\u00e0tica, Alimentaci\u00f3 i Agenda Rural del Departament d&#8217;Educaci\u00f3<\/strong> que apoya a los <strong>centros educativos de Catalu\u00f1a<\/strong> que tengan la finalidad de afrontar, desde la<strong>educaci\u00f3n<\/strong>, los nuevos retos y valores de la <strong>sostenibilidad<\/strong>. En este proyecto &#8211; <a href=\"https:\/\/view.genial.ly\/62a9b2136f16bb00186d1186\/presentation-deixem-petjada-montcada\" target=\"_blank\" rel=\"noopener\"><span style=\"color: #3f5f9d;\"><strong>Deixem petjada<\/strong><\/span><\/a> &#8211; estuvieron presentes 8 Escoles Verdes de Montcada i Reixac con una participaci\u00f3n de m\u00e1s de 700 alumnos y alumnas de educaci\u00f3n infantil, primaria y secundaria. Durante todas las actividades llevadas a cabo por las escuelas verdes, los estudiantes recibieron una <strong>formaci\u00f3n ambiental<\/strong> y estuvieron asistidos por las asociaciones <a href=\"https:\/\/lahordasalvaje.wordpress.com\/\" target=\"_blank\" rel=\"noopener\"><span style=\"color: #3f5f9d;\"><strong>La Horda<\/strong><\/span><\/a> y <span style=\"color: #3f5f9d;\"><a style=\"color: #3f5f9d;\" href=\"https:\/\/www.facebook.com\/people\/Montcada-Som-Rius\/100064618692724\/\" target=\"_blank\" rel=\"noopener\"><strong>Som-rius<\/strong><\/a><\/span> de Montcada i Reixac.<\/span><\/p>\n<p><span style=\"font-weight: 400;\">La Horda &#8211; organizaci\u00f3n dedicada a la <strong>protecci\u00f3n de la naturaleza y la vida salvaje<\/strong> que custodia &#8211; i Som-rius &#8211; asociaci\u00f3n que pone de manifiesto la necesidad de proteger nuestros <strong>espacios fluviales<\/strong> &#8211; trabajaron, junto con las Escoles Verdes, por la recuperaci\u00f3n de 3500 m\u00b2 de vegetaci\u00f3n de la ribera del <strong>r\u00edo Bes\u00f2s<\/strong> a su paso por Montcada.<\/span><\/p>\n<ul>\n<li style=\"font-weight: 400;\" aria-level=\"1\"><span style=\"font-weight: 400;\">M\u00e1s de <strong>300 especies arbustivas<\/strong> plantadas alrededor del r\u00edo Bes\u00f2s a su paso por Montcada i Reixac.<\/span><\/li>\n<li style=\"font-weight: 400;\" aria-level=\"1\"><span style=\"font-weight: 400;\"><strong>8 centros educativos<\/strong> de Montcada i Reixac implicados en el proyecto.<\/span><\/li>\n<li style=\"font-weight: 400;\" aria-level=\"1\"><span style=\"font-weight: 400;\">Construcci\u00f3n e instalaci\u00f3n de m\u00e1s de <strong>70 cajas nido<\/strong> y <strong>50 hoteles de insectos<\/strong>.<\/span><\/li>\n<\/ul>\n","protected":false},"excerpt":{"rendered":"<p>Con la voluntad de fomentar la implicaci\u00f3n ciudadana en la restauraci\u00f3n de espacios naturales, este proyecto consigui\u00f3 la participaci\u00f3n de ni\u00f1as, ni\u00f1os y j\u00f3venes de las escuelas verdes de Montcada y Reixac en la limpieza de una parte del cauce del r\u00edo Bes\u00f2s.<\/p>\n","protected":false},"author":1,"featured_media":11400,"comment_status":"open","ping_status":"open","sticky":false,"template":"","format":"standard","meta":{"_acf_changed":false,"content-type":"","_mo_disable_npp":"","footnotes":""},"categories":[57],"tags":[],"class_list":["post-12849","post","type-post","status-publish","format-standard","has-post-thumbnail","hentry","category-impacto-comunitario"],"acf":[],"aioseo_notices":[],"aioseo_head":"\n\t\t<!-- All in One SEO 5.0.1.1 - aioseo.com -->\n\t<meta name=\"description\" content=\"Con la voluntad de fomentar la implicaci\u00f3n ciudadana en la restauraci\u00f3n de espacios naturales, este proyecto consigui\u00f3 la participaci\u00f3n de ni\u00f1as, ni\u00f1os y j\u00f3venes de las escuelas verdes de Montcada y Reixac en la limpieza de una parte del cauce del r\u00edo Bes\u00f2s.\" \/>\n\t<meta name=\"robots\" content=\"max-image-preview:large\" \/>\n\t<meta name=\"author\" content=\"admin\"\/>\n\t<link rel=\"canonical\" href=\"https:\/\/omplim.cat\/es\/dejamos-huella\/\" \/>\n\t<meta name=\"generator\" content=\"All in One SEO (AIOSEO) 5.0.1.1\" \/>\n\t\t<meta property=\"og:locale\" content=\"es_ES\" \/>\n\t\t<meta property=\"og:site_name\" content=\"Omplim | Gesti\u00f3 i edificaci\u00f3 responsable\" \/>\n\t\t<meta property=\"og:type\" content=\"article\" \/>\n\t\t<meta property=\"og:title\" content=\"\u00a1Dejamos huella! | Omplim\" \/>\n\t\t<meta property=\"og:description\" content=\"Con la voluntad de fomentar la implicaci\u00f3n ciudadana en la restauraci\u00f3n de espacios naturales, este proyecto consigui\u00f3 la participaci\u00f3n de ni\u00f1as, ni\u00f1os y j\u00f3venes de las escuelas verdes de Montcada y Reixac en la limpieza de una parte del cauce del r\u00edo Bes\u00f2s.\" \/>\n\t\t<meta property=\"og:url\" content=\"https:\/\/omplim.cat\/es\/dejamos-huella\/\" \/>\n\t\t<meta property=\"og:image\" content=\"https:\/\/omplim.cat\/wp-content\/uploads\/2022\/11\/cropped-Logo-Omplim-negre-1.png\" \/>\n\t\t<meta property=\"og:image:secure_url\" content=\"https:\/\/omplim.cat\/wp-content\/uploads\/2022\/11\/cropped-Logo-Omplim-negre-1.png\" \/>\n\t\t<meta property=\"og:image:width\" content=\"276\" \/>\n\t\t<meta property=\"og:image:height\" content=\"78\" \/>\n\t\t<meta property=\"article:published_time\" content=\"2022-05-15T16:28:44+00:00\" \/>\n\t\t<meta property=\"article:modified_time\" content=\"2023-02-27T08:23:16+00:00\" \/>\n\t\t<meta name=\"twitter:card\" content=\"summary_large_image\" \/>\n\t\t<meta name=\"twitter:title\" content=\"\u00a1Dejamos huella! | Omplim\" \/>\n\t\t<meta name=\"twitter:description\" content=\"Con la voluntad de fomentar la implicaci\u00f3n ciudadana en la restauraci\u00f3n de espacios naturales, este proyecto consigui\u00f3 la participaci\u00f3n de ni\u00f1as, ni\u00f1os y j\u00f3venes de las escuelas verdes de Montcada y Reixac en la limpieza de una parte del cauce del r\u00edo Bes\u00f2s.\" \/>\n\t\t<meta name=\"twitter:image\" content=\"https:\/\/omplim.cat\/wp-content\/uploads\/2022\/11\/cropped-Logo-Omplim-negre-1.png\" \/>\n\t\t<script type=\"application\/ld+json\" class=\"aioseo-schema\">\n\t\t\t{\"@context\":\"https:\\\/\\\/schema.org\",\"@graph\":[{\"@type\":\"BlogPosting\",\"@id\":\"https:\\\/\\\/omplim.cat\\\/es\\\/dejamos-huella\\\/#blogposting\",\"name\":\"\\u00a1Dejamos huella! | Omplim\",\"headline\":\"\\u00a1Dejamos huella!\",\"author\":{\"@id\":\"https:\\\/\\\/omplim.cat\\\/es\\\/author\\\/admin\\\/#author\"},\"publisher\":{\"@id\":\"https:\\\/\\\/omplim.cat\\\/es\\\/#organization\"},\"image\":{\"@type\":\"ImageObject\",\"url\":\"https:\\\/\\\/omplim.cat\\\/wp-content\\\/uploads\\\/2022\\\/11\\\/deixem-petjada.jpg\",\"width\":1056,\"height\":596},\"datePublished\":\"2022-05-15T16:28:44+00:00\",\"dateModified\":\"2023-02-27T08:23:16+00:00\",\"inLanguage\":\"es-ES\",\"mainEntityOfPage\":{\"@id\":\"https:\\\/\\\/omplim.cat\\\/es\\\/dejamos-huella\\\/#webpage\"},\"isPartOf\":{\"@id\":\"https:\\\/\\\/omplim.cat\\\/es\\\/dejamos-huella\\\/#webpage\"},\"articleSection\":\"Impacto comunitario, Opcional\"},{\"@type\":\"BreadcrumbList\",\"@id\":\"https:\\\/\\\/omplim.cat\\\/es\\\/dejamos-huella\\\/#breadcrumblist\",\"itemListElement\":[{\"@type\":\"ListItem\",\"@id\":\"https:\\\/\\\/omplim.cat\\\/es\\\/#listItem\",\"position\":1,\"name\":\"Home\",\"item\":\"https:\\\/\\\/omplim.cat\\\/es\\\/\",\"nextItem\":{\"@type\":\"ListItem\",\"@id\":\"https:\\\/\\\/omplim.cat\\\/es\\\/categoria\\\/impacto-comunitario\\\/#listItem\",\"name\":\"Impacto comunitario\"}},{\"@type\":\"ListItem\",\"@id\":\"https:\\\/\\\/omplim.cat\\\/es\\\/categoria\\\/impacto-comunitario\\\/#listItem\",\"position\":2,\"name\":\"Impacto comunitario\",\"item\":\"https:\\\/\\\/omplim.cat\\\/es\\\/categoria\\\/impacto-comunitario\\\/\",\"nextItem\":{\"@type\":\"ListItem\",\"@id\":\"https:\\\/\\\/omplim.cat\\\/es\\\/dejamos-huella\\\/#listItem\",\"name\":\"\\u00a1Dejamos huella!\"},\"previousItem\":{\"@type\":\"ListItem\",\"@id\":\"https:\\\/\\\/omplim.cat\\\/es\\\/#listItem\",\"name\":\"Home\"}},{\"@type\":\"ListItem\",\"@id\":\"https:\\\/\\\/omplim.cat\\\/es\\\/dejamos-huella\\\/#listItem\",\"position\":3,\"name\":\"\\u00a1Dejamos huella!\",\"previousItem\":{\"@type\":\"ListItem\",\"@id\":\"https:\\\/\\\/omplim.cat\\\/es\\\/categoria\\\/impacto-comunitario\\\/#listItem\",\"name\":\"Impacto comunitario\"}}]},{\"@type\":\"Organization\",\"@id\":\"https:\\\/\\\/omplim.cat\\\/es\\\/#organization\",\"name\":\"Omplim\",\"description\":\"Gesti\\u00f3 i edificaci\\u00f3 responsable\",\"url\":\"https:\\\/\\\/omplim.cat\\\/es\\\/\",\"logo\":{\"@type\":\"ImageObject\",\"url\":\"https:\\\/\\\/omplim.cat\\\/wp-content\\\/uploads\\\/2022\\\/11\\\/Logo-Omplim-negre.png\",\"@id\":\"https:\\\/\\\/omplim.cat\\\/es\\\/dejamos-huella\\\/#organizationLogo\",\"width\":276,\"height\":78},\"image\":{\"@id\":\"https:\\\/\\\/omplim.cat\\\/es\\\/dejamos-huella\\\/#organizationLogo\"}},{\"@type\":\"Person\",\"@id\":\"https:\\\/\\\/omplim.cat\\\/es\\\/author\\\/admin\\\/#author\",\"url\":\"https:\\\/\\\/omplim.cat\\\/es\\\/author\\\/admin\\\/\",\"name\":\"admin\"},{\"@type\":\"WebPage\",\"@id\":\"https:\\\/\\\/omplim.cat\\\/es\\\/dejamos-huella\\\/#webpage\",\"url\":\"https:\\\/\\\/omplim.cat\\\/es\\\/dejamos-huella\\\/\",\"name\":\"\\u00a1Dejamos huella! | Omplim\",\"description\":\"Con la voluntad de fomentar la implicaci\\u00f3n ciudadana en la restauraci\\u00f3n de espacios naturales, este proyecto consigui\\u00f3 la participaci\\u00f3n de ni\\u00f1as, ni\\u00f1os y j\\u00f3venes de las escuelas verdes de Montcada y Reixac en la limpieza de una parte del cauce del r\\u00edo Bes\\u00f2s.\",\"inLanguage\":\"es-ES\",\"isPartOf\":{\"@id\":\"https:\\\/\\\/omplim.cat\\\/es\\\/#website\"},\"breadcrumb\":{\"@id\":\"https:\\\/\\\/omplim.cat\\\/es\\\/dejamos-huella\\\/#breadcrumblist\"},\"author\":{\"@id\":\"https:\\\/\\\/omplim.cat\\\/es\\\/author\\\/admin\\\/#author\"},\"creator\":{\"@id\":\"https:\\\/\\\/omplim.cat\\\/es\\\/author\\\/admin\\\/#author\"},\"image\":{\"@type\":\"ImageObject\",\"url\":\"https:\\\/\\\/omplim.cat\\\/wp-content\\\/uploads\\\/2022\\\/11\\\/deixem-petjada.jpg\",\"@id\":\"https:\\\/\\\/omplim.cat\\\/es\\\/dejamos-huella\\\/#mainImage\",\"width\":1056,\"height\":596},\"primaryImageOfPage\":{\"@id\":\"https:\\\/\\\/omplim.cat\\\/es\\\/dejamos-huella\\\/#mainImage\"},\"datePublished\":\"2022-05-15T16:28:44+00:00\",\"dateModified\":\"2023-02-27T08:23:16+00:00\"},{\"@type\":\"WebSite\",\"@id\":\"https:\\\/\\\/omplim.cat\\\/es\\\/#website\",\"url\":\"https:\\\/\\\/omplim.cat\\\/es\\\/\",\"name\":\"Omplim\",\"description\":\"Gesti\\u00f3 i edificaci\\u00f3 responsable\",\"inLanguage\":\"es-ES\",\"publisher\":{\"@id\":\"https:\\\/\\\/omplim.cat\\\/es\\\/#organization\"}}]}\n\t\t<\/script>\n\t\t<!-- All in One SEO -->\n\n","aioseo_head_json":{"title":"\u00a1Dejamos huella! | Omplim","description":"Con la voluntad de fomentar la implicaci\u00f3n ciudadana en la restauraci\u00f3n de espacios naturales, este proyecto consigui\u00f3 la participaci\u00f3n de ni\u00f1as, ni\u00f1os y j\u00f3venes de las escuelas verdes de Montcada y Reixac en la limpieza de una parte del cauce del r\u00edo Bes\u00f2s.","canonical_url":"https:\/\/omplim.cat\/es\/dejamos-huella\/","robots":"max-image-preview:large","keywords":"","webmasterTools":{"miscellaneous":""},"schema":{"@context":"https:\/\/schema.org","@graph":[{"@type":"BlogPosting","@id":"https:\/\/omplim.cat\/es\/dejamos-huella\/#blogposting","name":"\u00a1Dejamos huella! | Omplim","headline":"\u00a1Dejamos huella!","author":{"@id":"https:\/\/omplim.cat\/es\/author\/admin\/#author"},"publisher":{"@id":"https:\/\/omplim.cat\/es\/#organization"},"image":{"@type":"ImageObject","url":"https:\/\/omplim.cat\/wp-content\/uploads\/2022\/11\/deixem-petjada.jpg","width":1056,"height":596},"datePublished":"2022-05-15T16:28:44+00:00","dateModified":"2023-02-27T08:23:16+00:00","inLanguage":"es-ES","mainEntityOfPage":{"@id":"https:\/\/omplim.cat\/es\/dejamos-huella\/#webpage"},"isPartOf":{"@id":"https:\/\/omplim.cat\/es\/dejamos-huella\/#webpage"},"articleSection":"Impacto comunitario, Opcional"},{"@type":"BreadcrumbList","@id":"https:\/\/omplim.cat\/es\/dejamos-huella\/#breadcrumblist","itemListElement":[{"@type":"ListItem","@id":"https:\/\/omplim.cat\/es\/#listItem","position":1,"name":"Home","item":"https:\/\/omplim.cat\/es\/","nextItem":{"@type":"ListItem","@id":"https:\/\/omplim.cat\/es\/categoria\/impacto-comunitario\/#listItem","name":"Impacto comunitario"}},{"@type":"ListItem","@id":"https:\/\/omplim.cat\/es\/categoria\/impacto-comunitario\/#listItem","position":2,"name":"Impacto comunitario","item":"https:\/\/omplim.cat\/es\/categoria\/impacto-comunitario\/","nextItem":{"@type":"ListItem","@id":"https:\/\/omplim.cat\/es\/dejamos-huella\/#listItem","name":"\u00a1Dejamos huella!"},"previousItem":{"@type":"ListItem","@id":"https:\/\/omplim.cat\/es\/#listItem","name":"Home"}},{"@type":"ListItem","@id":"https:\/\/omplim.cat\/es\/dejamos-huella\/#listItem","position":3,"name":"\u00a1Dejamos huella!","previousItem":{"@type":"ListItem","@id":"https:\/\/omplim.cat\/es\/categoria\/impacto-comunitario\/#listItem","name":"Impacto comunitario"}}]},{"@type":"Organization","@id":"https:\/\/omplim.cat\/es\/#organization","name":"Omplim","description":"Gesti\u00f3 i edificaci\u00f3 responsable","url":"https:\/\/omplim.cat\/es\/","logo":{"@type":"ImageObject","url":"https:\/\/omplim.cat\/wp-content\/uploads\/2022\/11\/Logo-Omplim-negre.png","@id":"https:\/\/omplim.cat\/es\/dejamos-huella\/#organizationLogo","width":276,"height":78},"image":{"@id":"https:\/\/omplim.cat\/es\/dejamos-huella\/#organizationLogo"}},{"@type":"Person","@id":"https:\/\/omplim.cat\/es\/author\/admin\/#author","url":"https:\/\/omplim.cat\/es\/author\/admin\/","name":"admin"},{"@type":"WebPage","@id":"https:\/\/omplim.cat\/es\/dejamos-huella\/#webpage","url":"https:\/\/omplim.cat\/es\/dejamos-huella\/","name":"\u00a1Dejamos huella! | Omplim","description":"Con la voluntad de fomentar la implicaci\u00f3n ciudadana en la restauraci\u00f3n de espacios naturales, este proyecto consigui\u00f3 la participaci\u00f3n de ni\u00f1as, ni\u00f1os y j\u00f3venes de las escuelas verdes de Montcada y Reixac en la limpieza de una parte del cauce del r\u00edo Bes\u00f2s.","inLanguage":"es-ES","isPartOf":{"@id":"https:\/\/omplim.cat\/es\/#website"},"breadcrumb":{"@id":"https:\/\/omplim.cat\/es\/dejamos-huella\/#breadcrumblist"},"author":{"@id":"https:\/\/omplim.cat\/es\/author\/admin\/#author"},"creator":{"@id":"https:\/\/omplim.cat\/es\/author\/admin\/#author"},"image":{"@type":"ImageObject","url":"https:\/\/omplim.cat\/wp-content\/uploads\/2022\/11\/deixem-petjada.jpg","@id":"https:\/\/omplim.cat\/es\/dejamos-huella\/#mainImage","width":1056,"height":596},"primaryImageOfPage":{"@id":"https:\/\/omplim.cat\/es\/dejamos-huella\/#mainImage"},"datePublished":"2022-05-15T16:28:44+00:00","dateModified":"2023-02-27T08:23:16+00:00"},{"@type":"WebSite","@id":"https:\/\/omplim.cat\/es\/#website","url":"https:\/\/omplim.cat\/es\/","name":"Omplim","description":"Gesti\u00f3 i edificaci\u00f3 responsable","inLanguage":"es-ES","publisher":{"@id":"https:\/\/omplim.cat\/es\/#organization"}}]},"og:locale":"es_ES","og:site_name":"Omplim | Gesti\u00f3 i edificaci\u00f3 responsable","og:type":"article","og:title":"\u00a1Dejamos huella! | Omplim","og:description":"Con la voluntad de fomentar la implicaci\u00f3n ciudadana en la restauraci\u00f3n de espacios naturales, este proyecto consigui\u00f3 la participaci\u00f3n de ni\u00f1as, ni\u00f1os y j\u00f3venes de las escuelas verdes de Montcada y Reixac en la limpieza de una parte del cauce del r\u00edo Bes\u00f2s.","og:url":"https:\/\/omplim.cat\/es\/dejamos-huella\/","og:image":"https:\/\/omplim.cat\/wp-content\/uploads\/2022\/11\/cropped-Logo-Omplim-negre-1.png","og:image:secure_url":"https:\/\/omplim.cat\/wp-content\/uploads\/2022\/11\/cropped-Logo-Omplim-negre-1.png","og:image:width":276,"og:image:height":78,"article:published_time":"2022-05-15T16:28:44+00:00","article:modified_time":"2023-02-27T08:23:16+00:00","twitter:card":"summary_large_image","twitter:title":"\u00a1Dejamos huella! | Omplim","twitter:description":"Con la voluntad de fomentar la implicaci\u00f3n ciudadana en la restauraci\u00f3n de espacios naturales, este proyecto consigui\u00f3 la participaci\u00f3n de ni\u00f1as, ni\u00f1os y j\u00f3venes de las escuelas verdes de Montcada y Reixac en la limpieza de una parte del cauce del r\u00edo Bes\u00f2s.","twitter:image":"https:\/\/omplim.cat\/wp-content\/uploads\/2022\/11\/cropped-Logo-Omplim-negre-1.png"},"aioseo_meta_data":{"post_id":"12849","title":null,"description":null,"keywords":null,"keyphrases":null,"primary_term":null,"canonical_url":null,"og_title":null,"og_description":null,"og_object_type":"default","og_image_type":"default","og_image_url":null,"og_image_width":null,"og_image_height":null,"og_image_custom_url":null,"og_image_custom_fields":null,"og_video":null,"og_custom_url":null,"og_article_section":null,"og_article_tags":null,"twitter_use_og":false,"twitter_card":"default","twitter_image_type":"default","twitter_image_url":null,"twitter_image_custom_url":null,"twitter_image_custom_fields":null,"twitter_title":null,"twitter_description":null,"schema":{"blockGraphs":[],"customGraphs":[],"default":{"data":{"Article":[],"Course":[],"Dataset":[],"FAQPage":[],"Movie":[],"Person":[],"Product":[],"ProductReview":[],"Car":[],"Recipe":[],"Service":[],"SoftwareApplication":[],"WebPage":[]},"graphName":"","isEnabled":true},"graphs":[]},"schema_type":"default","schema_type_options":null,"pillar_content":false,"robots_default":true,"robots_noindex":false,"robots_noarchive":false,"robots_nosnippet":false,"robots_nofollow":false,"robots_noimageindex":false,"robots_noodp":false,"robots_notranslate":false,"robots_max_snippet":null,"robots_max_videopreview":null,"robots_max_imagepreview":"large","priority":null,"frequency":null,"local_seo":null,"breadcrumb_settings":null,"limit_modified_date":false,"ai":null,"created":"2023-05-16 10:07:11","updated":"2025-07-25 12:27:22","seo_analyzer_scan_date":null,"focus_keyword":null,"additional_keywords":null,"truseo_locale":null},"aioseo_breadcrumb":"<div class=\"aioseo-breadcrumbs\"><span class=\"aioseo-breadcrumb\">\n\t\t\t<a href=\"https:\/\/omplim.cat\/es\/\" title=\"Home\">Home<\/a>\n\t\t<\/span><span class=\"aioseo-breadcrumb-separator\">&raquo;<\/span><span class=\"aioseo-breadcrumb\">\n\t\t\t<a href=\"https:\/\/omplim.cat\/es\/categoria\/impacto-comunitario\/\" title=\"Impacto comunitario\">Impacto comunitario<\/a>\n\t\t<\/span><span class=\"aioseo-breadcrumb-separator\">&raquo;<\/span><span class=\"aioseo-breadcrumb\">\n\t\t\t\u00a1Dejamos huella!\n\t\t<\/span><\/div>","aioseo_breadcrumb_json":[{"label":"Home","link":"https:\/\/omplim.cat\/es\/"},{"label":"Impacto comunitario","link":"https:\/\/omplim.cat\/es\/categoria\/impacto-comunitario\/"},{"label":"\u00a1Dejamos huella!","link":"https:\/\/omplim.cat\/es\/dejamos-huella\/"}],"_links":{"self":[{"href":"https:\/\/omplim.cat\/es\/wp-json\/wp\/v2\/posts\/12849","targetHints":{"allow":["GET"]}}],"collection":[{"href":"https:\/\/omplim.cat\/es\/wp-json\/wp\/v2\/posts"}],"about":[{"href":"https:\/\/omplim.cat\/es\/wp-json\/wp\/v2\/types\/post"}],"author":[{"embeddable":true,"href":"https:\/\/omplim.cat\/es\/wp-json\/wp\/v2\/users\/1"}],"replies":[{"embeddable":true,"href":"https:\/\/omplim.cat\/es\/wp-json\/wp\/v2\/comments?post=12849"}],"version-history":[{"count":0,"href":"https:\/\/omplim.cat\/es\/wp-json\/wp\/v2\/posts\/12849\/revisions"}],"wp:featuredmedia":[{"embeddable":true,"href":"https:\/\/omplim.cat\/es\/wp-json\/wp\/v2\/media\/11400"}],"wp:attachment":[{"href":"https:\/\/omplim.cat\/es\/wp-json\/wp\/v2\/media?parent=12849"}],"wp:term":[{"taxonomy":"category","embeddable":true,"href":"https:\/\/omplim.cat\/es\/wp-json\/wp\/v2\/categories?post=12849"},{"taxonomy":"post_tag","embeddable":true,"href":"https:\/\/omplim.cat\/es\/wp-json\/wp\/v2\/tags?post=12849"}],"curies":[{"name":"wp","href":"https:\/\/api.w.org\/{rel}","templated":true}]}}